{"id":654,"date":"2025-10-16T14:44:47","date_gmt":"2025-10-16T12:44:47","guid":{"rendered":"https:\/\/serendipia.icu\/?p=654"},"modified":"2025-10-16T14:49:31","modified_gmt":"2025-10-16T12:49:31","slug":"el-dia-despues-un-espacio-para-compartir-comprender-y-acompanar-el-duelo-por-suicidio","status":"publish","type":"post","link":"https:\/\/serendipia.icu\/index.php\/2025\/10\/16\/el-dia-despues-un-espacio-para-compartir-comprender-y-acompanar-el-duelo-por-suicidio\/","title":{"rendered":"El d\u00eda despu\u00e9s: un espacio para compartir, comprender y acompa\u00f1ar el duelo por suicidio"},"content":{"rendered":"\n<figure class=\"wp-block-image size-large\"><img data-recalc-dims=\"1\" loading=\"lazy\" decoding=\"async\" width=\"724\" height=\"1024\" src=\"https:\/\/i0.wp.com\/serendipia.icu\/wp-content\/uploads\/2025\/10\/WhatsApp-Image-2025-10-16-at-10.41.32-1.jpeg?resize=724%2C1024&#038;ssl=1\" alt=\"\" class=\"wp-image-655\" srcset=\"https:\/\/i0.wp.com\/serendipia.icu\/wp-content\/uploads\/2025\/10\/WhatsApp-Image-2025-10-16-at-10.41.32-1.jpeg?resize=724%2C1024&amp;ssl=1 724w, https:\/\/i0.wp.com\/serendipia.icu\/wp-content\/uploads\/2025\/10\/WhatsApp-Image-2025-10-16-at-10.41.32-1.jpeg?resize=212%2C300&amp;ssl=1 212w, https:\/\/i0.wp.com\/serendipia.icu\/wp-content\/uploads\/2025\/10\/WhatsApp-Image-2025-10-16-at-10.41.32-1.jpeg?resize=768%2C1086&amp;ssl=1 768w, https:\/\/i0.wp.com\/serendipia.icu\/wp-content\/uploads\/2025\/10\/WhatsApp-Image-2025-10-16-at-10.41.32-1.jpeg?resize=1086%2C1536&amp;ssl=1 1086w, https:\/\/i0.wp.com\/serendipia.icu\/wp-content\/uploads\/2025\/10\/WhatsApp-Image-2025-10-16-at-10.41.32-1.jpeg?w=1131&amp;ssl=1 1131w\" sizes=\"auto, (max-width: 724px) 100vw, 724px\" \/><\/figure>\n\n\n\n<p>El duelo por suicidio deja muchas preguntas sin respuesta, y una necesidad profunda de encontrar un lugar donde hablar, comprender y sentirse acompa\u00f1ado. Con ese prop\u00f3sito llega a <strong>Almer\u00eda<\/strong> la charla-coloquio <strong>\u201cEl d\u00eda despu\u00e9s\u201d<\/strong>, una iniciativa dedicada a la <strong>posvenci\u00f3n<\/strong> \u2014el acompa\u00f1amiento a las personas afectadas por el suicidio\u2014 y a la presentaci\u00f3n de los <strong>grupos de ayuda mutua<\/strong> que Papageno impulsa en toda Espa\u00f1a.<\/p>\n\n\n\n<p>\ud83d\uddd3 <strong>Viernes 21 de noviembre de 2025<\/strong><br>\ud83d\udd60 <strong>De 17:30 a 19:30 h<\/strong><br>\ud83d\udccd <strong>Edificio \u201cEspacio Alma\u201d<\/strong> \u2013 Calle Alcalde Santiago Mart\u00ednez Cabrejas, Almer\u00eda<\/p>\n\n\n\n<p>El acto contar\u00e1 con la <strong>presentaci\u00f3n institucional de Paola Laynez Guijosa<\/strong>, concejal delegada del \u00c1rea de Familia, Inclusi\u00f3n e Igualdad del Ayuntamiento de Almer\u00eda.<\/p>\n\n\n\n<p>Como ponentes participar\u00e1n:<\/p>\n\n\n\n<ul class=\"wp-block-list\">\n<li><strong>Nuria Moncayo Moruno<\/strong>, psic\u00f3loga experta en facilitaci\u00f3n de grupos de apoyo al duelo por suicidio.<\/li>\n\n\n\n<li><strong>Daniel Jes\u00fas L\u00f3pez Vega<\/strong>, psic\u00f3logo sanitario y experto en posvenci\u00f3n y duelo por suicidio.<\/li>\n<\/ul>\n\n\n\n<p>La charla est\u00e1 dirigida al <strong>p\u00fablico general<\/strong>, y la entrada es <strong>libre y gratuita<\/strong>, aunque es necesaria la <strong>inscripci\u00f3n previa<\/strong> por limitaci\u00f3n de aforo. El encuentro podr\u00e1 seguirse tambi\u00e9n <strong>online<\/strong>.<\/p>\n\n\n\n<p>\ud83d\udd17 <strong>Inscripci\u00f3n previa:<\/strong> <a>bit.ly\/3IQktlG<\/a><br>\ud83d\udcbb <strong>Acceso online:<\/strong> <a>bit.ly\/4nCoVbz<\/a><\/p>\n\n\n\n<p>Organizan el evento el <strong>Ayuntamiento de Almer\u00eda<\/strong>, la <strong>Fundaci\u00f3n Diagrama<\/strong> y la <strong>Junta de Andaluc\u00eda (Consejer\u00eda de Salud y Consumo)<\/strong>, con la colaboraci\u00f3n de <strong>Papageno<\/strong>.<\/p>\n\n\n\n<p>Porque el d\u00eda despu\u00e9s del suicidio no tiene por qu\u00e9 vivirse en soledad.<br>Cada encuentro, cada palabra y cada abrazo compartido pueden abrir un nuevo camino de comprensi\u00f3n y esperanza.<\/p>\n","protected":false},"excerpt":{"rendered":"<p>El duelo por suicidio deja muchas preguntas sin respuesta, y una necesidad profunda de encontrar un lugar donde hablar, comprender y sentirse acompa\u00f1ado. Con ese prop\u00f3sito llega a Almer\u00eda la charla-coloquio \u201cEl d\u00eda despu\u00e9s\u201d, una iniciativa dedicada a la posvenci\u00f3n \u2014el acompa\u00f1amiento a las personas afectadas por el suicidio\u2014 y a la presentaci\u00f3n de los [&hellip;]<\/p>\n","protected":false},"author":3,"featured_media":0,"comment_status":"open","ping_status":"open","sticky":false,"template":"","format":"standard","meta":{"_uag_custom_page_level_css":"","jetpack_post_was_ever_published":false,"_jetpack_newsletter_access":"","_jetpack_dont_email_post_to_subs":false,"_jetpack_newsletter_tier_id":0,"_jetpack_memberships_contains_paywalled_content":false,"_jetpack_memberships_contains_paid_content":false,"_joinchat":[],"footnotes":""},"categories":[1],"tags":[],"class_list":["post-654","post","type-post","status-publish","format-standard","hentry","category-blog"],"nelio_content":{"isAutoShareEnabled":true,"autoShareEndMode":"never","automationSources":{"useCustomSentences":false,"customSentences":[]},"followers":[3],"suggestedReferences":[],"efiUrl":"","efiAlt":"","highlights":[],"permalinkQueryArgs":[],"series":[]},"jetpack_featured_media_url":"","uagb_featured_image_src":{"full":false,"thumbnail":false,"medium":false,"medium_large":false,"large":false,"1536x1536":false,"2048x2048":false},"uagb_author_info":{"display_name":"Ainhoa L\u00f3pez Moncayo","author_link":"https:\/\/serendipia.icu\/index.php\/author\/ainhoa_lm\/"},"uagb_comment_info":1,"uagb_excerpt":"El duelo por suicidio deja muchas preguntas sin respuesta, y una necesidad profunda de encontrar un lugar donde hablar, comprender y sentirse acompa\u00f1ado. Con ese prop\u00f3sito llega a Almer\u00eda la charla-coloquio \u201cEl d\u00eda despu\u00e9s\u201d, una iniciativa dedicada a la posvenci\u00f3n \u2014el acompa\u00f1amiento a las personas afectadas por el suicidio\u2014 y a la presentaci\u00f3n de los&hellip;","jetpack-related-posts":[],"jetpack_sharing_enabled":true,"_links":{"self":[{"href":"https:\/\/serendipia.icu\/index.php\/wp-json\/wp\/v2\/posts\/654","targetHints":{"allow":["GET"]}}],"collection":[{"href":"https:\/\/serendipia.icu\/index.php\/wp-json\/wp\/v2\/posts"}],"about":[{"href":"https:\/\/serendipia.icu\/index.php\/wp-json\/wp\/v2\/types\/post"}],"author":[{"embeddable":true,"href":"https:\/\/serendipia.icu\/index.php\/wp-json\/wp\/v2\/users\/3"}],"replies":[{"embeddable":true,"href":"https:\/\/serendipia.icu\/index.php\/wp-json\/wp\/v2\/comments?post=654"}],"version-history":[{"count":1,"href":"https:\/\/serendipia.icu\/index.php\/wp-json\/wp\/v2\/posts\/654\/revisions"}],"predecessor-version":[{"id":656,"href":"https:\/\/serendipia.icu\/index.php\/wp-json\/wp\/v2\/posts\/654\/revisions\/656"}],"wp:attachment":[{"href":"https:\/\/serendipia.icu\/index.php\/wp-json\/wp\/v2\/media?parent=654"}],"wp:term":[{"taxonomy":"category","embeddable":true,"href":"https:\/\/serendipia.icu\/index.php\/wp-json\/wp\/v2\/categories?post=654"},{"taxonomy":"post_tag","embeddable":true,"href":"https:\/\/serendipia.icu\/index.php\/wp-json\/wp\/v2\/tags?post=654"}],"curies":[{"name":"wp","href":"https:\/\/api.w.org\/{rel}","templated":true}]}}