{"id":651,"date":"2025-10-16T14:41:13","date_gmt":"2025-10-16T12:41:13","guid":{"rendered":"https:\/\/serendipia.icu\/?p=651"},"modified":"2025-10-16T14:41:15","modified_gmt":"2025-10-16T12:41:15","slug":"el-dia-despues-un-espacio-para-hablar-del-duelo-por-suicidio","status":"publish","type":"post","link":"https:\/\/serendipia.icu\/index.php\/2025\/10\/16\/el-dia-despues-un-espacio-para-hablar-del-duelo-por-suicidio\/","title":{"rendered":"El d\u00eda despu\u00e9s: un espacio para hablar del duelo por suicidio"},"content":{"rendered":"\n<figure class=\"wp-block-image size-large\"><img data-recalc-dims=\"1\" loading=\"lazy\" decoding=\"async\" width=\"724\" height=\"1024\" src=\"https:\/\/i0.wp.com\/serendipia.icu\/wp-content\/uploads\/2025\/10\/WhatsApp-Image-2025-10-16-at-10.41.32.jpeg?resize=724%2C1024&#038;ssl=1\" alt=\"\" class=\"wp-image-652\" srcset=\"https:\/\/i0.wp.com\/serendipia.icu\/wp-content\/uploads\/2025\/10\/WhatsApp-Image-2025-10-16-at-10.41.32.jpeg?resize=724%2C1024&amp;ssl=1 724w, https:\/\/i0.wp.com\/serendipia.icu\/wp-content\/uploads\/2025\/10\/WhatsApp-Image-2025-10-16-at-10.41.32.jpeg?resize=212%2C300&amp;ssl=1 212w, https:\/\/i0.wp.com\/serendipia.icu\/wp-content\/uploads\/2025\/10\/WhatsApp-Image-2025-10-16-at-10.41.32.jpeg?resize=768%2C1086&amp;ssl=1 768w, https:\/\/i0.wp.com\/serendipia.icu\/wp-content\/uploads\/2025\/10\/WhatsApp-Image-2025-10-16-at-10.41.32.jpeg?resize=1086%2C1536&amp;ssl=1 1086w, https:\/\/i0.wp.com\/serendipia.icu\/wp-content\/uploads\/2025\/10\/WhatsApp-Image-2025-10-16-at-10.41.32.jpeg?w=1131&amp;ssl=1 1131w\" sizes=\"auto, (max-width: 724px) 100vw, 724px\" \/><\/figure>\n\n\n\n<p>Hablar del suicidio sigue siendo un desaf\u00edo. Pero cada vez somos m\u00e1s quienes creemos que el silencio no ayuda, y que compartir el dolor puede ser una forma de esperanza. Con ese esp\u00edritu nace <strong>\u201cEl d\u00eda despu\u00e9s\u201d<\/strong>, una charla-coloquio sobre duelo por suicidio y presentaci\u00f3n de los grupos de ayuda mutua que tendr\u00e1 lugar el <strong>s\u00e1bado 25 de octubre de 2025<\/strong>, de <strong>10:00 a 12:00 h<\/strong>, en el <strong>Centro C\u00edvico Zona Sur (Sala 24), Valladolid<\/strong>.<\/p>\n\n\n\n<p>El encuentro, organizado por <strong>Papageno<\/strong> con la colaboraci\u00f3n del <strong>Ayuntamiento de Valladolid<\/strong>, est\u00e1 abierto al p\u00fablico general y la entrada es <strong>libre y gratuita<\/strong>, aunque se requiere inscripci\u00f3n previa por limitaci\u00f3n de aforo. Tambi\u00e9n ser\u00e1 posible participar <strong>online<\/strong>.<\/p>\n\n\n\n<p>Moderado por <strong>Daniel Jes\u00fas L\u00f3pez Vega<\/strong>, psic\u00f3logo general sanitario y presidente de Papageno, el coloquio contar\u00e1 con la participaci\u00f3n de <strong>Nuria Moncayo Moruno<\/strong> y <strong>Ana Moreno Mart\u00ednez<\/strong> (psic\u00f3logas), junto a la periodista <strong>Sonsoles Rivera Pascual<\/strong>. Juntos reflexionar\u00e1n sobre c\u00f3mo acompa\u00f1ar el duelo por suicidio, c\u00f3mo romper el tab\u00fa y c\u00f3mo los grupos de ayuda mutua pueden convertirse en un espacio seguro para compartir y sanar.<\/p>\n\n\n\n<p>El encuentro finalizar\u00e1 con un <strong>acto musical a cargo de Luis P\u00e9rez (guitarra)<\/strong> y <strong>Elena L\u00f3pez (voz)<\/strong>, un cierre simb\u00f3lico que invita a transformar el dolor en arte y memoria.<\/p>\n\n\n\n<p>\ud83d\udccd <strong>Lugar:<\/strong> Centro C\u00edvico Zona Sur, Sala 24. Plaza Juan de Austria, 11 \u2013 Valladolid<br>\ud83d\udd59 <strong>Horario:<\/strong> 10:00 a 12:00 h<br>\ud83d\udd17 <strong>Inscripci\u00f3n previa:<\/strong> <a>Formulario de inscripci\u00f3n<\/a><br>\ud83d\udcbb <strong>Participaci\u00f3n online:<\/strong> acceso mediante enlace directo en Zoom<\/p>\n\n\n\n<p>Porque hablar salva vidas, y recordar con amor tambi\u00e9n es una forma de seguir adelante.<br>\u00bfNos acompa\u00f1as en <em>el d\u00eda despu\u00e9s<\/em>?<\/p>\n\n\n\n<p><\/p>\n","protected":false},"excerpt":{"rendered":"<p>Hablar del suicidio sigue siendo un desaf\u00edo. Pero cada vez somos m\u00e1s quienes creemos que el silencio no ayuda, y que compartir el dolor puede ser una forma de esperanza. Con ese esp\u00edritu nace \u201cEl d\u00eda despu\u00e9s\u201d, una charla-coloquio sobre duelo por suicidio y presentaci\u00f3n de los grupos de ayuda mutua que tendr\u00e1 lugar el [&hellip;]<\/p>\n","protected":false},"author":3,"featured_media":0,"comment_status":"open","ping_status":"open","sticky":false,"template":"","format":"standard","meta":{"_uag_custom_page_level_css":"","jetpack_post_was_ever_published":false,"_jetpack_newsletter_access":"","_jetpack_dont_email_post_to_subs":false,"_jetpack_newsletter_tier_id":0,"_jetpack_memberships_contains_paywalled_content":false,"_jetpack_memberships_contains_paid_content":false,"_joinchat":[],"footnotes":""},"categories":[1],"tags":[],"class_list":["post-651","post","type-post","status-publish","format-standard","hentry","category-blog"],"nelio_content":{"isAutoShareEnabled":true,"autoShareEndMode":"never","automationSources":{"useCustomSentences":false,"customSentences":[]},"followers":[3],"suggestedReferences":[],"efiUrl":"","efiAlt":"","highlights":[],"permalinkQueryArgs":[],"series":[]},"jetpack_featured_media_url":"","uagb_featured_image_src":{"full":false,"thumbnail":false,"medium":false,"medium_large":false,"large":false,"1536x1536":false,"2048x2048":false},"uagb_author_info":{"display_name":"Ainhoa L\u00f3pez Moncayo","author_link":"https:\/\/serendipia.icu\/index.php\/author\/ainhoa_lm\/"},"uagb_comment_info":0,"uagb_excerpt":"Hablar del suicidio sigue siendo un desaf\u00edo. Pero cada vez somos m\u00e1s quienes creemos que el silencio no ayuda, y que compartir el dolor puede ser una forma de esperanza. Con ese esp\u00edritu nace \u201cEl d\u00eda despu\u00e9s\u201d, una charla-coloquio sobre duelo por suicidio y presentaci\u00f3n de los grupos de ayuda mutua que tendr\u00e1 lugar el&hellip;","jetpack-related-posts":[],"jetpack_sharing_enabled":true,"_links":{"self":[{"href":"https:\/\/serendipia.icu\/index.php\/wp-json\/wp\/v2\/posts\/651","targetHints":{"allow":["GET"]}}],"collection":[{"href":"https:\/\/serendipia.icu\/index.php\/wp-json\/wp\/v2\/posts"}],"about":[{"href":"https:\/\/serendipia.icu\/index.php\/wp-json\/wp\/v2\/types\/post"}],"author":[{"embeddable":true,"href":"https:\/\/serendipia.icu\/index.php\/wp-json\/wp\/v2\/users\/3"}],"replies":[{"embeddable":true,"href":"https:\/\/serendipia.icu\/index.php\/wp-json\/wp\/v2\/comments?post=651"}],"version-history":[{"count":1,"href":"https:\/\/serendipia.icu\/index.php\/wp-json\/wp\/v2\/posts\/651\/revisions"}],"predecessor-version":[{"id":653,"href":"https:\/\/serendipia.icu\/index.php\/wp-json\/wp\/v2\/posts\/651\/revisions\/653"}],"wp:attachment":[{"href":"https:\/\/serendipia.icu\/index.php\/wp-json\/wp\/v2\/media?parent=651"}],"wp:term":[{"taxonomy":"category","embeddable":true,"href":"https:\/\/serendipia.icu\/index.php\/wp-json\/wp\/v2\/categories?post=651"},{"taxonomy":"post_tag","embeddable":true,"href":"https:\/\/serendipia.icu\/index.php\/wp-json\/wp\/v2\/tags?post=651"}],"curies":[{"name":"wp","href":"https:\/\/api.w.org\/{rel}","templated":true}]}}