{"id":648,"date":"2025-10-16T14:36:22","date_gmt":"2025-10-16T12:36:22","guid":{"rendered":"https:\/\/serendipia.icu\/?p=648"},"modified":"2025-10-16T14:36:24","modified_gmt":"2025-10-16T12:36:24","slug":"programa-de-prevencion-del-suicidio-juvenil-una-conferencia-para-cuidar-la-salud-mental-de-los-jovenes","status":"publish","type":"post","link":"https:\/\/serendipia.icu\/index.php\/2025\/10\/16\/programa-de-prevencion-del-suicidio-juvenil-una-conferencia-para-cuidar-la-salud-mental-de-los-jovenes\/","title":{"rendered":"Programa de Prevenci\u00f3n del Suicidio Juvenil: una conferencia para cuidar la salud mental de los j\u00f3venes"},"content":{"rendered":"\n<figure class=\"wp-block-image size-large\"><img data-recalc-dims=\"1\" loading=\"lazy\" decoding=\"async\" width=\"819\" height=\"1024\" src=\"https:\/\/i0.wp.com\/serendipia.icu\/wp-content\/uploads\/2025\/10\/WhatsApp-Image-2025-10-16-at-10.41.16.jpeg?resize=819%2C1024&#038;ssl=1\" alt=\"\" class=\"wp-image-649\" srcset=\"https:\/\/i0.wp.com\/serendipia.icu\/wp-content\/uploads\/2025\/10\/WhatsApp-Image-2025-10-16-at-10.41.16.jpeg?resize=819%2C1024&amp;ssl=1 819w, https:\/\/i0.wp.com\/serendipia.icu\/wp-content\/uploads\/2025\/10\/WhatsApp-Image-2025-10-16-at-10.41.16.jpeg?resize=240%2C300&amp;ssl=1 240w, https:\/\/i0.wp.com\/serendipia.icu\/wp-content\/uploads\/2025\/10\/WhatsApp-Image-2025-10-16-at-10.41.16.jpeg?resize=768%2C960&amp;ssl=1 768w, https:\/\/i0.wp.com\/serendipia.icu\/wp-content\/uploads\/2025\/10\/WhatsApp-Image-2025-10-16-at-10.41.16.jpeg?w=1080&amp;ssl=1 1080w\" sizes=\"auto, (max-width: 819px) 100vw, 819px\" \/><\/figure>\n\n\n\n<p>La salud mental es un tema que nos concierne a todos, y especialmente a las generaciones m\u00e1s j\u00f3venes, que enfrentan cada d\u00eda nuevos retos emocionales y sociales. Con el objetivo de crear conciencia y ofrecer herramientas de apoyo, se celebra en Granada la <strong>Conferencia del Programa de Prevenci\u00f3n del Suicidio Juvenil<\/strong>, un espacio de di\u00e1logo, aprendizaje y esperanza destinado a j\u00f3venes.<\/p>\n\n\n\n<p>\ud83d\uddd3 <strong>Jueves 23 de octubre<\/strong>, de <strong>17:00 a 19:00 h<\/strong><br>\ud83d\udccd <strong>Confederaci\u00f3n de Empresarios de Granada<\/strong> (C. Maestro Montero, 23, 18004, Granada)<\/p>\n\n\n\n<h3 class=\"wp-block-heading\">Ponentes destacados<\/h3>\n\n\n\n<ul class=\"wp-block-list\">\n<li><strong>Rom\u00e1n Reyes<\/strong>, actor, director de cine y creador audiovisual espa\u00f1ol, conocido por su labor como activista en la prevenci\u00f3n del suicidio. A trav\u00e9s de su experiencia personal y profesional, ofrecer\u00e1 una mirada humana y comprometida sobre la importancia de hablar abiertamente sobre el sufrimiento emocional.<\/li>\n\n\n\n<li><strong>Daniel J. L\u00f3pez<\/strong>, psic\u00f3logo y presidente de <strong>Papageno<\/strong>, Asociaci\u00f3n de Profesionales en Prevenci\u00f3n y Posvenci\u00f3n del Suicidio. Su intervenci\u00f3n se centrar\u00e1 en los recursos y estrategias para detectar se\u00f1ales de alerta, acompa\u00f1ar a quienes lo necesitan y fortalecer las redes de apoyo.<\/li>\n<\/ul>\n\n\n\n<h3 class=\"wp-block-heading\">Un espacio para compartir, aprender y cuidar<\/h3>\n\n\n\n<p>Esta conferencia, organizada por la <strong>Concejal\u00eda de Juventud \u2013 GranaJoven<\/strong>, el <strong>Ayuntamiento de Granada<\/strong> y el <strong>Colegio Oficial de Psicolog\u00eda de Andaluc\u00eda Oriental (COPAO)<\/strong>, busca romper el silencio en torno al suicidio juvenil y fomentar la empat\u00eda, la escucha y la prevenci\u00f3n.<\/p>\n\n\n\n<p>El evento es <strong>de entrada libre hasta completar aforo<\/strong>, y quienes deseen asistir pueden inscribirse f\u00e1cilmente a trav\u00e9s del apartado de servicios en <a>copao.com<\/a>.<\/p>\n\n\n\n<h3 class=\"wp-block-heading\">Porque hablar salva vidas<\/h3>\n\n\n\n<p>El suicidio es una realidad que se puede prevenir si actuamos a tiempo, si aprendemos a reconocer las se\u00f1ales y si creamos entornos seguros donde los j\u00f3venes puedan expresarse sin miedo. Esta conferencia es un paso m\u00e1s hacia una sociedad m\u00e1s consciente, emp\u00e1tica y comprometida con la salud mental.<\/p>\n","protected":false},"excerpt":{"rendered":"<p>La salud mental es un tema que nos concierne a todos, y especialmente a las generaciones m\u00e1s j\u00f3venes, que enfrentan cada d\u00eda nuevos retos emocionales y sociales. Con el objetivo de crear conciencia y ofrecer herramientas de apoyo, se celebra en Granada la Conferencia del Programa de Prevenci\u00f3n del Suicidio Juvenil, un espacio de di\u00e1logo, [&hellip;]<\/p>\n","protected":false},"author":3,"featured_media":0,"comment_status":"open","ping_status":"open","sticky":false,"template":"","format":"standard","meta":{"_uag_custom_page_level_css":"","jetpack_post_was_ever_published":false,"_jetpack_newsletter_access":"","_jetpack_dont_email_post_to_subs":false,"_jetpack_newsletter_tier_id":0,"_jetpack_memberships_contains_paywalled_content":false,"_jetpack_memberships_contains_paid_content":false,"_joinchat":[],"footnotes":""},"categories":[1],"tags":[],"class_list":["post-648","post","type-post","status-publish","format-standard","hentry","category-blog"],"nelio_content":{"isAutoShareEnabled":true,"autoShareEndMode":"never","automationSources":{"useCustomSentences":false,"customSentences":[]},"followers":[3],"suggestedReferences":[],"efiUrl":"","efiAlt":"","highlights":[],"permalinkQueryArgs":[],"series":[]},"jetpack_featured_media_url":"","uagb_featured_image_src":{"full":false,"thumbnail":false,"medium":false,"medium_large":false,"large":false,"1536x1536":false,"2048x2048":false},"uagb_author_info":{"display_name":"Ainhoa L\u00f3pez Moncayo","author_link":"https:\/\/serendipia.icu\/index.php\/author\/ainhoa_lm\/"},"uagb_comment_info":4,"uagb_excerpt":"La salud mental es un tema que nos concierne a todos, y especialmente a las generaciones m\u00e1s j\u00f3venes, que enfrentan cada d\u00eda nuevos retos emocionales y sociales. Con el objetivo de crear conciencia y ofrecer herramientas de apoyo, se celebra en Granada la Conferencia del Programa de Prevenci\u00f3n del Suicidio Juvenil, un espacio de di\u00e1logo,&hellip;","jetpack-related-posts":[],"jetpack_sharing_enabled":true,"_links":{"self":[{"href":"https:\/\/serendipia.icu\/index.php\/wp-json\/wp\/v2\/posts\/648","targetHints":{"allow":["GET"]}}],"collection":[{"href":"https:\/\/serendipia.icu\/index.php\/wp-json\/wp\/v2\/posts"}],"about":[{"href":"https:\/\/serendipia.icu\/index.php\/wp-json\/wp\/v2\/types\/post"}],"author":[{"embeddable":true,"href":"https:\/\/serendipia.icu\/index.php\/wp-json\/wp\/v2\/users\/3"}],"replies":[{"embeddable":true,"href":"https:\/\/serendipia.icu\/index.php\/wp-json\/wp\/v2\/comments?post=648"}],"version-history":[{"count":1,"href":"https:\/\/serendipia.icu\/index.php\/wp-json\/wp\/v2\/posts\/648\/revisions"}],"predecessor-version":[{"id":650,"href":"https:\/\/serendipia.icu\/index.php\/wp-json\/wp\/v2\/posts\/648\/revisions\/650"}],"wp:attachment":[{"href":"https:\/\/serendipia.icu\/index.php\/wp-json\/wp\/v2\/media?parent=648"}],"wp:term":[{"taxonomy":"category","embeddable":true,"href":"https:\/\/serendipia.icu\/index.php\/wp-json\/wp\/v2\/categories?post=648"},{"taxonomy":"post_tag","embeddable":true,"href":"https:\/\/serendipia.icu\/index.php\/wp-json\/wp\/v2\/tags?post=648"}],"curies":[{"name":"wp","href":"https:\/\/api.w.org\/{rel}","templated":true}]}}