{"id":643,"date":"2025-10-16T14:29:08","date_gmt":"2025-10-16T12:29:08","guid":{"rendered":"https:\/\/serendipia.icu\/?p=643"},"modified":"2025-10-16T14:29:09","modified_gmt":"2025-10-16T12:29:09","slug":"escuelas-de-familia-que-crecen-un-espacio-para-acompanar-comprender-y-sanar-juntos","status":"publish","type":"post","link":"https:\/\/serendipia.icu\/index.php\/2025\/10\/16\/escuelas-de-familia-que-crecen-un-espacio-para-acompanar-comprender-y-sanar-juntos\/","title":{"rendered":"Escuelas de Familia que Crecen: un espacio para acompa\u00f1ar, comprender y sanar juntos"},"content":{"rendered":"\n<figure class=\"wp-block-image size-large\"><img data-recalc-dims=\"1\" loading=\"lazy\" decoding=\"async\" width=\"1024\" height=\"724\" src=\"https:\/\/i0.wp.com\/serendipia.icu\/wp-content\/uploads\/2025\/10\/WhatsApp-Image-2025-10-16-at-10.38.15.jpeg?resize=1024%2C724&#038;ssl=1\" alt=\"\" class=\"wp-image-646\" srcset=\"https:\/\/i0.wp.com\/serendipia.icu\/wp-content\/uploads\/2025\/10\/WhatsApp-Image-2025-10-16-at-10.38.15.jpeg?resize=1024%2C724&amp;ssl=1 1024w, https:\/\/i0.wp.com\/serendipia.icu\/wp-content\/uploads\/2025\/10\/WhatsApp-Image-2025-10-16-at-10.38.15.jpeg?resize=300%2C212&amp;ssl=1 300w, https:\/\/i0.wp.com\/serendipia.icu\/wp-content\/uploads\/2025\/10\/WhatsApp-Image-2025-10-16-at-10.38.15.jpeg?resize=768%2C543&amp;ssl=1 768w, https:\/\/i0.wp.com\/serendipia.icu\/wp-content\/uploads\/2025\/10\/WhatsApp-Image-2025-10-16-at-10.38.15.jpeg?resize=1536%2C1086&amp;ssl=1 1536w, https:\/\/i0.wp.com\/serendipia.icu\/wp-content\/uploads\/2025\/10\/WhatsApp-Image-2025-10-16-at-10.38.15.jpeg?w=1600&amp;ssl=1 1600w\" sizes=\"auto, (max-width: 1024px) 100vw, 1024px\" \/><\/figure>\n\n\n\n<figure class=\"wp-block-image size-large\"><img data-recalc-dims=\"1\" loading=\"lazy\" decoding=\"async\" width=\"1024\" height=\"724\" src=\"https:\/\/i0.wp.com\/serendipia.icu\/wp-content\/uploads\/2025\/10\/WhatsApp-Image-2025-10-16-at-10.38.49.jpeg?resize=1024%2C724&#038;ssl=1\" alt=\"\" class=\"wp-image-645\" srcset=\"https:\/\/i0.wp.com\/serendipia.icu\/wp-content\/uploads\/2025\/10\/WhatsApp-Image-2025-10-16-at-10.38.49.jpeg?resize=1024%2C724&amp;ssl=1 1024w, https:\/\/i0.wp.com\/serendipia.icu\/wp-content\/uploads\/2025\/10\/WhatsApp-Image-2025-10-16-at-10.38.49.jpeg?resize=300%2C212&amp;ssl=1 300w, https:\/\/i0.wp.com\/serendipia.icu\/wp-content\/uploads\/2025\/10\/WhatsApp-Image-2025-10-16-at-10.38.49.jpeg?resize=768%2C543&amp;ssl=1 768w, https:\/\/i0.wp.com\/serendipia.icu\/wp-content\/uploads\/2025\/10\/WhatsApp-Image-2025-10-16-at-10.38.49.jpeg?resize=1536%2C1086&amp;ssl=1 1536w, https:\/\/i0.wp.com\/serendipia.icu\/wp-content\/uploads\/2025\/10\/WhatsApp-Image-2025-10-16-at-10.38.49.jpeg?w=1600&amp;ssl=1 1600w\" sizes=\"auto, (max-width: 1024px) 100vw, 1024px\" \/><\/figure>\n\n\n\n<p>Cuando un miembro de la familia recibe un diagn\u00f3stico de salud mental, toda la estructura familiar se ve afectada. Surgen dudas, miedos y la necesidad de comprender mejor qu\u00e9 est\u00e1 ocurriendo. En ese contexto nacen las Escuelas de Familia que Crecen, un proyecto impulsado por FedepaduAL (Federaci\u00f3n Dual) que ofrece orientaci\u00f3n, formaci\u00f3n y acompa\u00f1amiento a las familias de personas con un trastorno mental, patolog\u00eda dual o conductas disruptivas.<\/p>\n\n\n\n<p><strong>Un entorno seguro para aprender y compartir<\/strong><\/p>\n\n\n\n<p>Estas escuelas son espacios educativos y de apoyo donde las familias pueden compartir experiencias, expresar emociones y adquirir conocimientos sobre salud mental: causas, evoluci\u00f3n, s\u00edntomas, tratamientos y recursos disponibles.<\/p>\n\n\n\n<p>Con la ayuda de profesionales de la psicolog\u00eda, se desarrollan herramientas psicoeducativas pr\u00e1cticas que facilitan la comunicaci\u00f3n, ayudan a gestionar situaciones de crisis, fomentan la adherencia a los tratamientos y previenen conflictos.<\/p>\n\n\n\n<p><strong>La fuerza de la ayuda mutua<\/strong><\/p>\n\n\n\n<p>Uno de los pilares fundamentales de las Escuelas de Familia es el apoyo mutuo entre familias. Este enfoque reduce el aislamiento y el estigma asociados a la enfermedad mental, poniendo adem\u00e1s el acento en el cuidado emocional de los cuidadores.<\/p>\n\n\n\n<p>A trav\u00e9s de estas din\u00e1micas, se busca no solo mejorar la calidad de vida de las personas con diagn\u00f3stico, sino tambi\u00e9n fortalecer el bienestar del entorno familiar, convirtiendo a la familia en un pilar esencial en los procesos de recuperaci\u00f3n e inclusi\u00f3n social.<\/p>\n\n\n\n<p><strong>\u00bfQu\u00e9 beneficios puedes conseguir?<\/strong><\/p>\n\n\n\n<p>Participar en estas Escuelas aporta herramientas y aprendizajes valiosos:<\/p>\n\n\n\n<ul class=\"wp-block-list\">\n<li>Comprender mejor la salud mental, sus causas y tratamientos.<\/li>\n\n\n\n<li>Reducir el aislamiento al compartir experiencias con otras familias.<\/li>\n\n\n\n<li>Entrenar estrategias de comunicaci\u00f3n y manejo de crisis.<\/li>\n\n\n\n<li>Mejorar el autocuidado de las personas cuidadoras.<\/li>\n\n\n\n<li>Conocer recursos sanitarios, sociales y asociativos.<\/li>\n\n\n\n<li>Disminuir el estigma y las discriminaciones.<\/li>\n\n\n\n<li>Aumentar el apoyo al proceso de recuperaci\u00f3n como factor protector.<\/li>\n<\/ul>\n\n\n\n<p><strong>De la empat\u00eda a la acci\u00f3n<\/strong><\/p>\n\n\n\n<p>Bajo el lema \u201cDe la empat\u00eda a la acci\u00f3n\u201d, FEDEPADUAL coordina la labor de distintas entidades para unificar esfuerzos y mejorar la atenci\u00f3n tanto de las personas con patolog\u00eda dual como de sus familias. La federaci\u00f3n trabaja desde una visi\u00f3n integral \u2014psicol\u00f3gica, jur\u00eddica, social y sanitaria\u2014 para ofrecer un acompa\u00f1amiento completo y humano.<\/p>\n\n\n\n<p><strong>C\u00f3mo participar<\/strong><\/p>\n\n\n\n<p>Puedes unirte presencialmente en:<\/p>\n\n\n\n<p>Calle Arquitecto Jos\u00e9 Vargas, Ed. Novo Sherry, Planta 2 Of. 27 (Serendipia), 11408 Jerez Fra (C\u00e1diz)<\/p>\n\n\n\n<p>O participar online, desde cualquier lugar con tu m\u00f3vil o PC.<\/p>\n\n\n\n<p>\ud83d\udc49 Escanea el c\u00f3digo QR del folleto o inscr\u00edbete directamente <a href=\"https:\/\/forms.office.com\/r\/zgyTw2Yum9\">aqu\u00ed<\/a>.<\/p>\n\n\n\n<p><strong>M\u00e1s informaci\u00f3n<\/strong><\/p>\n\n\n\n<p>\ud83d\udcf1 603 577 899<\/p>\n\n\n\n<p>\ud83c\udf10 <a href=\"http:\/\/www.asepadual.es\/\">www.asepaduAL.es<\/a><\/p>\n","protected":false},"excerpt":{"rendered":"<p>Cuando un miembro de la familia recibe un diagn\u00f3stico de salud mental, toda la estructura familiar se ve afectada. Surgen dudas, miedos y la necesidad de comprender mejor qu\u00e9 est\u00e1 ocurriendo. En ese contexto nacen las Escuelas de Familia que Crecen, un proyecto impulsado por FedepaduAL (Federaci\u00f3n Dual) que ofrece orientaci\u00f3n, formaci\u00f3n y acompa\u00f1amiento a [&hellip;]<\/p>\n","protected":false},"author":3,"featured_media":0,"comment_status":"open","ping_status":"open","sticky":false,"template":"","format":"standard","meta":{"_uag_custom_page_level_css":"","jetpack_post_was_ever_published":false,"_jetpack_newsletter_access":"","_jetpack_dont_email_post_to_subs":false,"_jetpack_newsletter_tier_id":0,"_jetpack_memberships_contains_paywalled_content":false,"_jetpack_memberships_contains_paid_content":false,"_joinchat":[],"footnotes":""},"categories":[1],"tags":[],"class_list":["post-643","post","type-post","status-publish","format-standard","hentry","category-blog"],"nelio_content":{"isAutoShareEnabled":true,"autoShareEndMode":"never","automationSources":{"useCustomSentences":false,"customSentences":[]},"followers":[3],"suggestedReferences":[],"efiUrl":"","efiAlt":"","highlights":[],"permalinkQueryArgs":[],"series":[]},"jetpack_featured_media_url":"","uagb_featured_image_src":{"full":false,"thumbnail":false,"medium":false,"medium_large":false,"large":false,"1536x1536":false,"2048x2048":false},"uagb_author_info":{"display_name":"Ainhoa L\u00f3pez Moncayo","author_link":"https:\/\/serendipia.icu\/index.php\/author\/ainhoa_lm\/"},"uagb_comment_info":1,"uagb_excerpt":"Cuando un miembro de la familia recibe un diagn\u00f3stico de salud mental, toda la estructura familiar se ve afectada. Surgen dudas, miedos y la necesidad de comprender mejor qu\u00e9 est\u00e1 ocurriendo. En ese contexto nacen las Escuelas de Familia que Crecen, un proyecto impulsado por FedepaduAL (Federaci\u00f3n Dual) que ofrece orientaci\u00f3n, formaci\u00f3n y acompa\u00f1amiento a&hellip;","jetpack-related-posts":[],"jetpack_sharing_enabled":true,"_links":{"self":[{"href":"https:\/\/serendipia.icu\/index.php\/wp-json\/wp\/v2\/posts\/643","targetHints":{"allow":["GET"]}}],"collection":[{"href":"https:\/\/serendipia.icu\/index.php\/wp-json\/wp\/v2\/posts"}],"about":[{"href":"https:\/\/serendipia.icu\/index.php\/wp-json\/wp\/v2\/types\/post"}],"author":[{"embeddable":true,"href":"https:\/\/serendipia.icu\/index.php\/wp-json\/wp\/v2\/users\/3"}],"replies":[{"embeddable":true,"href":"https:\/\/serendipia.icu\/index.php\/wp-json\/wp\/v2\/comments?post=643"}],"version-history":[{"count":2,"href":"https:\/\/serendipia.icu\/index.php\/wp-json\/wp\/v2\/posts\/643\/revisions"}],"predecessor-version":[{"id":647,"href":"https:\/\/serendipia.icu\/index.php\/wp-json\/wp\/v2\/posts\/643\/revisions\/647"}],"wp:attachment":[{"href":"https:\/\/serendipia.icu\/index.php\/wp-json\/wp\/v2\/media?parent=643"}],"wp:term":[{"taxonomy":"category","embeddable":true,"href":"https:\/\/serendipia.icu\/index.php\/wp-json\/wp\/v2\/categories?post=643"},{"taxonomy":"post_tag","embeddable":true,"href":"https:\/\/serendipia.icu\/index.php\/wp-json\/wp\/v2\/tags?post=643"}],"curies":[{"name":"wp","href":"https:\/\/api.w.org\/{rel}","templated":true}]}}