{"id":640,"date":"2025-10-16T14:11:43","date_gmt":"2025-10-16T12:11:43","guid":{"rendered":"https:\/\/serendipia.icu\/?p=640"},"modified":"2025-10-16T14:11:45","modified_gmt":"2025-10-16T12:11:45","slug":"alfabetizacion-en-salud-mental-la-patologia-dual-como-reto-social","status":"publish","type":"post","link":"https:\/\/serendipia.icu\/index.php\/2025\/10\/16\/alfabetizacion-en-salud-mental-la-patologia-dual-como-reto-social\/","title":{"rendered":"Alfabetizaci\u00f3n en salud mental: la patolog\u00eda dual como reto social"},"content":{"rendered":"\n<p><strong>Conferencia participativa &#8211; C\u00e1diz, 28 de octubre de 2025<\/strong><\/p>\n\n\n\n<figure class=\"wp-block-image size-large\"><img data-recalc-dims=\"1\" loading=\"lazy\" decoding=\"async\" width=\"724\" height=\"1024\" src=\"https:\/\/i0.wp.com\/serendipia.icu\/wp-content\/uploads\/2025\/10\/d27cb2ba-1de5-4a24-870c-d3dbfbecaf61.jpeg?resize=724%2C1024&#038;ssl=1\" alt=\"\" class=\"wp-image-641\" srcset=\"https:\/\/i0.wp.com\/serendipia.icu\/wp-content\/uploads\/2025\/10\/d27cb2ba-1de5-4a24-870c-d3dbfbecaf61.jpeg?resize=724%2C1024&amp;ssl=1 724w, https:\/\/i0.wp.com\/serendipia.icu\/wp-content\/uploads\/2025\/10\/d27cb2ba-1de5-4a24-870c-d3dbfbecaf61.jpeg?resize=212%2C300&amp;ssl=1 212w, https:\/\/i0.wp.com\/serendipia.icu\/wp-content\/uploads\/2025\/10\/d27cb2ba-1de5-4a24-870c-d3dbfbecaf61.jpeg?resize=768%2C1086&amp;ssl=1 768w, https:\/\/i0.wp.com\/serendipia.icu\/wp-content\/uploads\/2025\/10\/d27cb2ba-1de5-4a24-870c-d3dbfbecaf61.jpeg?resize=1086%2C1536&amp;ssl=1 1086w, https:\/\/i0.wp.com\/serendipia.icu\/wp-content\/uploads\/2025\/10\/d27cb2ba-1de5-4a24-870c-d3dbfbecaf61.jpeg?w=1131&amp;ssl=1 1131w\" sizes=\"auto, (max-width: 724px) 100vw, 724px\" \/><\/figure>\n\n\n\n<p>En un contexto en el que la salud mental ha pasado a ocupar el centro del debate p\u00fablico tras la pandemia, FEDEPADUAL organiza una nueva&nbsp;<strong>conferencia participativa abierta al p\u00fablico<\/strong>, bajo el t\u00edtulo&nbsp;<strong>\u201cAlfabetizaci\u00f3n en salud mental: la patolog\u00eda dual como reto social\u201d<\/strong>.<\/p>\n\n\n\n<p>El encuentro se celebrar\u00e1 el&nbsp;<strong>martes 28 de octubre de 2025<\/strong>, de&nbsp;<strong>18:00 a 20:00 horas<\/strong>, en la&nbsp;<strong>Casa del Pueblo del PSOE (Plaza Gaspar del Pino, 4, C\u00e1diz)<\/strong>, y contar\u00e1 con la participaci\u00f3n de&nbsp;<strong>Daniel Jes\u00fas L\u00f3pez Vega<\/strong>,&nbsp;<strong>psic\u00f3logo general sanitario<\/strong>, experto en&nbsp;<strong>adicciones y conducta suicida<\/strong>.<\/p>\n\n\n\n<p>Esta sesi\u00f3n pretende&nbsp;<strong>acercar a la ciudadan\u00eda el concepto de patolog\u00eda dual<\/strong>, un problema complejo que combina un trastorno mental con una adicci\u00f3n, y que a menudo queda oculto bajo el estigma o la falta de comprensi\u00f3n social. Durante la charla, se abordar\u00e1n temas clave como la&nbsp;<strong>detecci\u00f3n precoz<\/strong>, el&nbsp;<strong>apoyo a las familias<\/strong>&nbsp;y el papel de la&nbsp;<strong>educaci\u00f3n en salud mental<\/strong>&nbsp;como herramienta de prevenci\u00f3n y cambio social.<\/p>\n\n\n\n<p>El evento es&nbsp;<strong>gratuito y de acceso libre<\/strong>, dirigido a toda persona interesada en aprender, compartir experiencias y contribuir a una sociedad m\u00e1s informada y emp\u00e1tica ante los retos de la salud mental.<\/p>\n\n\n\n<p>\ud83d\udccd&nbsp;<strong>Lugar:<\/strong>&nbsp;Casa del Pueblo del PSOE, Pl. Gaspar del Pino, 4, C\u00e1diz<br>\ud83d\uddd3\ufe0f&nbsp;<strong>Fecha y hora:<\/strong>&nbsp;Martes, 28 de octubre de 2025 \u00b7 18:00\u201320:00<br>\ud83d\udc64&nbsp;<strong>Ponente:<\/strong>&nbsp;Daniel Jes\u00fas L\u00f3pez Vega<br>\ud83d\udcde&nbsp;<strong>Contacto:<\/strong>&nbsp;<a href=\"tel:603 577 899\">603 577 899<\/a>&nbsp;\u00b7 \u2709\ufe0f&nbsp;<a>fedepadualdirec@gmail.com<\/a><br>\ud83c\udf10&nbsp;<strong>M\u00e1s informaci\u00f3n:<\/strong>&nbsp;<a href=\"http:\/\/www.asepadual.es\/\">www.asepadual.es<\/a><\/p>\n\n\n\n<p><\/p>\n","protected":false},"excerpt":{"rendered":"<p>Conferencia participativa &#8211; C\u00e1diz, 28 de octubre de 2025 En un contexto en el que la salud mental ha pasado a ocupar el centro del debate p\u00fablico tras la pandemia, FEDEPADUAL organiza una nueva&nbsp;conferencia participativa abierta al p\u00fablico, bajo el t\u00edtulo&nbsp;\u201cAlfabetizaci\u00f3n en salud mental: la patolog\u00eda dual como reto social\u201d. El encuentro se celebrar\u00e1 el&nbsp;martes [&hellip;]<\/p>\n","protected":false},"author":3,"featured_media":0,"comment_status":"open","ping_status":"open","sticky":false,"template":"","format":"standard","meta":{"_uag_custom_page_level_css":"","jetpack_post_was_ever_published":false,"_jetpack_newsletter_access":"","_jetpack_dont_email_post_to_subs":false,"_jetpack_newsletter_tier_id":0,"_jetpack_memberships_contains_paywalled_content":false,"_jetpack_memberships_contains_paid_content":false,"_joinchat":[],"footnotes":""},"categories":[1],"tags":[],"class_list":["post-640","post","type-post","status-publish","format-standard","hentry","category-blog"],"nelio_content":{"isAutoShareEnabled":true,"autoShareEndMode":"never","automationSources":{"useCustomSentences":false,"customSentences":[]},"followers":[3],"suggestedReferences":[],"efiUrl":"","efiAlt":"","highlights":[],"permalinkQueryArgs":[],"series":[]},"jetpack_featured_media_url":"","uagb_featured_image_src":{"full":false,"thumbnail":false,"medium":false,"medium_large":false,"large":false,"1536x1536":false,"2048x2048":false},"uagb_author_info":{"display_name":"Ainhoa L\u00f3pez Moncayo","author_link":"https:\/\/serendipia.icu\/index.php\/author\/ainhoa_lm\/"},"uagb_comment_info":5,"uagb_excerpt":"Conferencia participativa &#8211; C\u00e1diz, 28 de octubre de 2025 En un contexto en el que la salud mental ha pasado a ocupar el centro del debate p\u00fablico tras la pandemia, FEDEPADUAL organiza una nueva&nbsp;conferencia participativa abierta al p\u00fablico, bajo el t\u00edtulo&nbsp;\u201cAlfabetizaci\u00f3n en salud mental: la patolog\u00eda dual como reto social\u201d. El encuentro se celebrar\u00e1 el&nbsp;martes&hellip;","jetpack-related-posts":[],"jetpack_sharing_enabled":true,"_links":{"self":[{"href":"https:\/\/serendipia.icu\/index.php\/wp-json\/wp\/v2\/posts\/640","targetHints":{"allow":["GET"]}}],"collection":[{"href":"https:\/\/serendipia.icu\/index.php\/wp-json\/wp\/v2\/posts"}],"about":[{"href":"https:\/\/serendipia.icu\/index.php\/wp-json\/wp\/v2\/types\/post"}],"author":[{"embeddable":true,"href":"https:\/\/serendipia.icu\/index.php\/wp-json\/wp\/v2\/users\/3"}],"replies":[{"embeddable":true,"href":"https:\/\/serendipia.icu\/index.php\/wp-json\/wp\/v2\/comments?post=640"}],"version-history":[{"count":1,"href":"https:\/\/serendipia.icu\/index.php\/wp-json\/wp\/v2\/posts\/640\/revisions"}],"predecessor-version":[{"id":642,"href":"https:\/\/serendipia.icu\/index.php\/wp-json\/wp\/v2\/posts\/640\/revisions\/642"}],"wp:attachment":[{"href":"https:\/\/serendipia.icu\/index.php\/wp-json\/wp\/v2\/media?parent=640"}],"wp:term":[{"taxonomy":"category","embeddable":true,"href":"https:\/\/serendipia.icu\/index.php\/wp-json\/wp\/v2\/categories?post=640"},{"taxonomy":"post_tag","embeddable":true,"href":"https:\/\/serendipia.icu\/index.php\/wp-json\/wp\/v2\/tags?post=640"}],"curies":[{"name":"wp","href":"https:\/\/api.w.org\/{rel}","templated":true}]}}