{"id":637,"date":"2025-10-16T14:07:33","date_gmt":"2025-10-16T12:07:33","guid":{"rendered":"https:\/\/serendipia.icu\/?p=637"},"modified":"2025-10-16T14:07:34","modified_gmt":"2025-10-16T12:07:34","slug":"grupos-de-ayuda-mutua-acompanamiento-familiar-frente-a-la-patologia-dual","status":"publish","type":"post","link":"https:\/\/serendipia.icu\/index.php\/2025\/10\/16\/grupos-de-ayuda-mutua-acompanamiento-familiar-frente-a-la-patologia-dual\/","title":{"rendered":"Grupos de ayuda mutua: acompa\u00f1amiento familiar frente a la patolog\u00eda dual"},"content":{"rendered":"\n<figure class=\"wp-block-image size-large\"><img data-recalc-dims=\"1\" loading=\"lazy\" decoding=\"async\" width=\"724\" height=\"1024\" src=\"https:\/\/i0.wp.com\/serendipia.icu\/wp-content\/uploads\/2025\/10\/98b952a7-ede3-4b3c-b231-5d52b154dc24-1.jpeg?resize=724%2C1024&#038;ssl=1\" alt=\"\" class=\"wp-image-638\" srcset=\"https:\/\/i0.wp.com\/serendipia.icu\/wp-content\/uploads\/2025\/10\/98b952a7-ede3-4b3c-b231-5d52b154dc24-1.jpeg?resize=724%2C1024&amp;ssl=1 724w, https:\/\/i0.wp.com\/serendipia.icu\/wp-content\/uploads\/2025\/10\/98b952a7-ede3-4b3c-b231-5d52b154dc24-1.jpeg?resize=212%2C300&amp;ssl=1 212w, https:\/\/i0.wp.com\/serendipia.icu\/wp-content\/uploads\/2025\/10\/98b952a7-ede3-4b3c-b231-5d52b154dc24-1.jpeg?resize=768%2C1086&amp;ssl=1 768w, https:\/\/i0.wp.com\/serendipia.icu\/wp-content\/uploads\/2025\/10\/98b952a7-ede3-4b3c-b231-5d52b154dc24-1.jpeg?resize=1086%2C1536&amp;ssl=1 1086w, https:\/\/i0.wp.com\/serendipia.icu\/wp-content\/uploads\/2025\/10\/98b952a7-ede3-4b3c-b231-5d52b154dc24-1.jpeg?w=1131&amp;ssl=1 1131w\" sizes=\"auto, (max-width: 724px) 100vw, 724px\" \/><\/figure>\n\n\n\n<p>La&nbsp;<strong>Federaci\u00f3n FEDEPADUAL<\/strong>&nbsp;impulsa en C\u00e1diz un&nbsp;<strong>grupo de ayuda mutua para familiares<\/strong>&nbsp;que conviven con la&nbsp;<strong>patolog\u00eda dual<\/strong>, un problema que combina un trastorno mental con una adicci\u00f3n y que representa uno de los mayores retos sociales y sanitarios de nuestro tiempo.<\/p>\n\n\n\n<p>Estos grupos ofrecen un&nbsp;<strong>espacio seguro y confidencia<\/strong>&nbsp;donde las familias pueden&nbsp;<strong>compartir experiencias, expresar emociones y aprender herramientas<\/strong>&nbsp;para afrontar el d\u00eda a d\u00eda con m\u00e1s comprensi\u00f3n y apoyo. No se trata de terapia, sino de&nbsp;<strong>acompa\u00f1amiento entre iguales<\/strong>, un lugar donde quienes atraviesan situaciones similares se entienden y se sostienen mutuamente.<\/p>\n\n\n\n<p>\ud83d\uddd3\ufe0f&nbsp;<strong>Cu\u00e1ndo:<\/strong>&nbsp;1\u00ba y 3\u00ba mi\u00e9rcoles de cada mes \u00b7 de 18:00 a 19:30<br>\ud83d\udccd&nbsp;<strong>D\u00f3nde:<\/strong>&nbsp;Sede de la Asociaci\u00f3n Pro Derechos Humanos de Andaluc\u00eda<br>Edificio Municipal Dora Reyes \u00b7 C\/ Dora Reyes, 7 \u00b7 1\u00aa planta \u00b7 11009 C\u00e1diz<br>\ud83d\udc65&nbsp;<strong>Dinamizaci\u00f3n:<\/strong>&nbsp;Nuria Moncayo Moruno y Daniel Jes\u00fas L\u00f3pez Vega (profesionales de la psicolog\u00eda)<br>\ud83d\udcde&nbsp;<strong>Contacto:<\/strong>&nbsp;<a href=\"tel:603 577 899\">603 577 899<\/a><br>\u2709\ufe0f&nbsp;<strong><a href=\"mailto:fedepadualdirec@gmail.com\">fedepadualdirec@gmail.com<\/a><\/strong><br>\ud83c\udf10&nbsp;<strong><a href=\"http:\/\/www.asepadual.es\/\">www.asepadual.es<\/a><\/strong>&nbsp;\u00b7&nbsp;<a href=\"https:\/\/fedepadual.com\/\">fedepadual.com<\/a><\/p>\n\n\n\n<h3 class=\"wp-block-heading\">La patolog\u00eda dual implica la presencia conjunta de una adicci\u00f3n y un trastorno de salud mental. Este doble diagn\u00f3stico suele generar gran confusi\u00f3n, desgaste emocional y sentimiento de culpa en las familias, que muchas veces se enfrentan a la incomprensi\u00f3n y al estigma social.<\/h3>\n\n\n\n<p>Los&nbsp;<strong>grupos de ayuda mutua familiares<\/strong>&nbsp;se convierten, por tanto, en un&nbsp;<strong>refugio emocional y un espacio educativo<\/strong>. En ellos, las personas participantes aprenden a:<\/p>\n\n\n\n<ul class=\"wp-block-list\">\n<li>Entender mejor la patolog\u00eda dual y sus tratamientos.<\/li>\n\n\n\n<li>Manejar la ansiedad, la frustraci\u00f3n y el miedo.<\/li>\n\n\n\n<li>Desarrollar estrategias de comunicaci\u00f3n y l\u00edmites saludables.<\/li>\n\n\n\n<li>Reforzar el autocuidado y la red de apoyo.<\/li>\n<\/ul>\n\n\n\n<p>En FEDEPADUAL creemos que&nbsp;<strong>nadie deber\u00eda afrontar solo el reto de la patolog\u00eda dual<\/strong>. Acompa\u00f1ar, comprender y apoyarse mutuamente son pasos fundamentales para transformar el sufrimiento en esperanza.<\/p>\n","protected":false},"excerpt":{"rendered":"<p>La&nbsp;Federaci\u00f3n FEDEPADUAL&nbsp;impulsa en C\u00e1diz un&nbsp;grupo de ayuda mutua para familiares&nbsp;que conviven con la&nbsp;patolog\u00eda dual, un problema que combina un trastorno mental con una adicci\u00f3n y que representa uno de los mayores retos sociales y sanitarios de nuestro tiempo. Estos grupos ofrecen un&nbsp;espacio seguro y confidencia&nbsp;donde las familias pueden&nbsp;compartir experiencias, expresar emociones y aprender herramientas&nbsp;para afrontar [&hellip;]<\/p>\n","protected":false},"author":3,"featured_media":0,"comment_status":"open","ping_status":"open","sticky":false,"template":"","format":"standard","meta":{"_uag_custom_page_level_css":"","jetpack_post_was_ever_published":false,"_jetpack_newsletter_access":"","_jetpack_dont_email_post_to_subs":false,"_jetpack_newsletter_tier_id":0,"_jetpack_memberships_contains_paywalled_content":false,"_jetpack_memberships_contains_paid_content":false,"_joinchat":[],"footnotes":""},"categories":[1],"tags":[],"class_list":["post-637","post","type-post","status-publish","format-standard","hentry","category-blog"],"nelio_content":{"isAutoShareEnabled":true,"autoShareEndMode":"never","automationSources":{"useCustomSentences":false,"customSentences":[]},"followers":[3],"suggestedReferences":[],"efiUrl":"","efiAlt":"","highlights":[],"permalinkQueryArgs":[],"series":[]},"jetpack_featured_media_url":"","uagb_featured_image_src":{"full":false,"thumbnail":false,"medium":false,"medium_large":false,"large":false,"1536x1536":false,"2048x2048":false},"uagb_author_info":{"display_name":"Ainhoa L\u00f3pez Moncayo","author_link":"https:\/\/serendipia.icu\/index.php\/author\/ainhoa_lm\/"},"uagb_comment_info":0,"uagb_excerpt":"La&nbsp;Federaci\u00f3n FEDEPADUAL&nbsp;impulsa en C\u00e1diz un&nbsp;grupo de ayuda mutua para familiares&nbsp;que conviven con la&nbsp;patolog\u00eda dual, un problema que combina un trastorno mental con una adicci\u00f3n y que representa uno de los mayores retos sociales y sanitarios de nuestro tiempo. Estos grupos ofrecen un&nbsp;espacio seguro y confidencia&nbsp;donde las familias pueden&nbsp;compartir experiencias, expresar emociones y aprender herramientas&nbsp;para afrontar&hellip;","jetpack-related-posts":[],"jetpack_sharing_enabled":true,"_links":{"self":[{"href":"https:\/\/serendipia.icu\/index.php\/wp-json\/wp\/v2\/posts\/637","targetHints":{"allow":["GET"]}}],"collection":[{"href":"https:\/\/serendipia.icu\/index.php\/wp-json\/wp\/v2\/posts"}],"about":[{"href":"https:\/\/serendipia.icu\/index.php\/wp-json\/wp\/v2\/types\/post"}],"author":[{"embeddable":true,"href":"https:\/\/serendipia.icu\/index.php\/wp-json\/wp\/v2\/users\/3"}],"replies":[{"embeddable":true,"href":"https:\/\/serendipia.icu\/index.php\/wp-json\/wp\/v2\/comments?post=637"}],"version-history":[{"count":1,"href":"https:\/\/serendipia.icu\/index.php\/wp-json\/wp\/v2\/posts\/637\/revisions"}],"predecessor-version":[{"id":639,"href":"https:\/\/serendipia.icu\/index.php\/wp-json\/wp\/v2\/posts\/637\/revisions\/639"}],"wp:attachment":[{"href":"https:\/\/serendipia.icu\/index.php\/wp-json\/wp\/v2\/media?parent=637"}],"wp:term":[{"taxonomy":"category","embeddable":true,"href":"https:\/\/serendipia.icu\/index.php\/wp-json\/wp\/v2\/categories?post=637"},{"taxonomy":"post_tag","embeddable":true,"href":"https:\/\/serendipia.icu\/index.php\/wp-json\/wp\/v2\/tags?post=637"}],"curies":[{"name":"wp","href":"https:\/\/api.w.org\/{rel}","templated":true}]}}