{"id":603,"date":"2024-10-15T09:12:16","date_gmt":"2024-10-15T07:12:16","guid":{"rendered":"https:\/\/serendipia.icu\/?p=603"},"modified":"2024-10-15T09:12:18","modified_gmt":"2024-10-15T07:12:18","slug":"taller-adiccion-a-las-nuevas-tecnologias","status":"publish","type":"post","link":"https:\/\/serendipia.icu\/index.php\/2024\/10\/15\/taller-adiccion-a-las-nuevas-tecnologias\/","title":{"rendered":"Taller \u201cAdicci\u00f3n a las nuevas tecnolog\u00edas\u201d"},"content":{"rendered":"\n<p>El pr\u00f3ximo mi\u00e9rcoles d\u00eda 16 de octubre de 2024, de 10 a 12:30 h., en el Espacio de Aprendizaje de la Biblioteca del Campus de Puerto Real, se celebrar\u00e1 el\u00a0<em><strong>Taller \u201cAdicci\u00f3n a las Nuevas Tecnolog\u00edas\u201d<\/strong><\/em>, organizado por el Servicio de Atenci\u00f3n Psicol\u00f3gica y Psicopedag\u00f3gica (SAP) y en el que participar\u00e1 de ponente Daniel J. L\u00f3pez Vega, psic\u00f3logo sanitario, M\u00e1ster en Intervenci\u00f3n Psicol\u00f3gica en Contextos de Riesgo y experto en adicciones.<\/p>\n\n\n\n<p>Para m\u00e1s informaci\u00f3n dirigiros al correo:\u00a0<a href=\"https:\/\/webmerlin.uca.es\/webmerlin\/compose.do?destinatario=sap@uca.es\">sap@uca.es<\/a><\/p>\n\n\n\n<p><\/p>\n","protected":false},"excerpt":{"rendered":"<p>El pr\u00f3ximo mi\u00e9rcoles d\u00eda 16 de octubre de 2024, de 10 a 12:30 h., en el Espacio de Aprendizaje de la Biblioteca del Campus de Puerto Real, se celebrar\u00e1 el\u00a0Taller \u201cAdicci\u00f3n a las Nuevas Tecnolog\u00edas\u201d, organizado por el Servicio de Atenci\u00f3n Psicol\u00f3gica y Psicopedag\u00f3gica (SAP) y en el que participar\u00e1 de ponente Daniel J. L\u00f3pez [&hellip;]<\/p>\n","protected":false},"author":1,"featured_media":604,"comment_status":"open","ping_status":"open","sticky":false,"template":"","format":"standard","meta":{"_uag_custom_page_level_css":"","jetpack_post_was_ever_published":false,"_jetpack_newsletter_access":"","_jetpack_dont_email_post_to_subs":false,"_jetpack_newsletter_tier_id":0,"_jetpack_memberships_contains_paywalled_content":false,"_jetpack_memberships_contains_paid_content":false,"_joinchat":[],"footnotes":""},"categories":[1],"tags":[],"class_list":["post-603","post","type-post","status-publish","format-standard","has-post-thumbnail","hentry","category-blog"],"nelio_content":{"isAutoShareEnabled":true,"autoShareEndMode":"never","automationSources":{"useCustomSentences":false,"customSentences":[]},"followers":[1],"suggestedReferences":[],"efiUrl":"","efiAlt":"","highlights":[],"permalinkQueryArgs":[],"series":[]},"jetpack_featured_media_url":"https:\/\/i0.wp.com\/serendipia.icu\/wp-content\/uploads\/2024\/10\/Inscripciones-abiertas.png?fit=1080%2C1080&ssl=1","uagb_featured_image_src":{"full":["https:\/\/i0.wp.com\/serendipia.icu\/wp-content\/uploads\/2024\/10\/Inscripciones-abiertas.png?fit=1080%2C1080&ssl=1",1080,1080,false],"thumbnail":["https:\/\/i0.wp.com\/serendipia.icu\/wp-content\/uploads\/2024\/10\/Inscripciones-abiertas.png?resize=150%2C150&ssl=1",150,150,true],"medium":["https:\/\/i0.wp.com\/serendipia.icu\/wp-content\/uploads\/2024\/10\/Inscripciones-abiertas.png?fit=300%2C300&ssl=1",300,300,true],"medium_large":["https:\/\/i0.wp.com\/serendipia.icu\/wp-content\/uploads\/2024\/10\/Inscripciones-abiertas.png?fit=768%2C768&ssl=1",768,768,true],"large":["https:\/\/i0.wp.com\/serendipia.icu\/wp-content\/uploads\/2024\/10\/Inscripciones-abiertas.png?fit=1024%2C1024&ssl=1",1024,1024,true],"1536x1536":["https:\/\/i0.wp.com\/serendipia.icu\/wp-content\/uploads\/2024\/10\/Inscripciones-abiertas.png?fit=1080%2C1080&ssl=1",1080,1080,true],"2048x2048":["https:\/\/i0.wp.com\/serendipia.icu\/wp-content\/uploads\/2024\/10\/Inscripciones-abiertas.png?fit=1080%2C1080&ssl=1",1080,1080,true]},"uagb_author_info":{"display_name":"daniel_lv","author_link":"https:\/\/serendipia.icu\/index.php\/author\/daniel_lv\/"},"uagb_comment_info":1,"uagb_excerpt":"El pr\u00f3ximo mi\u00e9rcoles d\u00eda 16 de octubre de 2024, de 10 a 12:30 h., en el Espacio de Aprendizaje de la Biblioteca del Campus de Puerto Real, se celebrar\u00e1 el\u00a0Taller \u201cAdicci\u00f3n a las Nuevas Tecnolog\u00edas\u201d, organizado por el Servicio de Atenci\u00f3n Psicol\u00f3gica y Psicopedag\u00f3gica (SAP) y en el que participar\u00e1 de ponente Daniel J. L\u00f3pez&hellip;","jetpack-related-posts":[],"jetpack_sharing_enabled":true,"_links":{"self":[{"href":"https:\/\/serendipia.icu\/index.php\/wp-json\/wp\/v2\/posts\/603","targetHints":{"allow":["GET"]}}],"collection":[{"href":"https:\/\/serendipia.icu\/index.php\/wp-json\/wp\/v2\/posts"}],"about":[{"href":"https:\/\/serendipia.icu\/index.php\/wp-json\/wp\/v2\/types\/post"}],"author":[{"embeddable":true,"href":"https:\/\/serendipia.icu\/index.php\/wp-json\/wp\/v2\/users\/1"}],"replies":[{"embeddable":true,"href":"https:\/\/serendipia.icu\/index.php\/wp-json\/wp\/v2\/comments?post=603"}],"version-history":[{"count":1,"href":"https:\/\/serendipia.icu\/index.php\/wp-json\/wp\/v2\/posts\/603\/revisions"}],"predecessor-version":[{"id":605,"href":"https:\/\/serendipia.icu\/index.php\/wp-json\/wp\/v2\/posts\/603\/revisions\/605"}],"wp:featuredmedia":[{"embeddable":true,"href":"https:\/\/serendipia.icu\/index.php\/wp-json\/wp\/v2\/media\/604"}],"wp:attachment":[{"href":"https:\/\/serendipia.icu\/index.php\/wp-json\/wp\/v2\/media?parent=603"}],"wp:term":[{"taxonomy":"category","embeddable":true,"href":"https:\/\/serendipia.icu\/index.php\/wp-json\/wp\/v2\/categories?post=603"},{"taxonomy":"post_tag","embeddable":true,"href":"https:\/\/serendipia.icu\/index.php\/wp-json\/wp\/v2\/tags?post=603"}],"curies":[{"name":"wp","href":"https:\/\/api.w.org\/{rel}","templated":true}]}}