{"id":581,"date":"2024-02-29T16:09:56","date_gmt":"2024-02-29T15:09:56","guid":{"rendered":"https:\/\/serendipia.icu\/?p=581"},"modified":"2024-02-29T16:09:58","modified_gmt":"2024-02-29T15:09:58","slug":"plena-inclusion-de-cabeza-del-buey-acoge-un-curso-sobre-acompanamiento-y-habilidades-para-superar-el-duelo","status":"publish","type":"post","link":"https:\/\/serendipia.icu\/index.php\/2024\/02\/29\/plena-inclusion-de-cabeza-del-buey-acoge-un-curso-sobre-acompanamiento-y-habilidades-para-superar-el-duelo\/","title":{"rendered":"Plena Inclusi\u00f3n de Cabeza del Buey acoge un curso sobre \u00abAcompa\u00f1amiento y habilidades para superar el duelo\u00bb"},"content":{"rendered":"\n<div style=\"height:74px\" aria-hidden=\"true\" class=\"wp-block-spacer\"><\/div>\n\n\n\n<p>El pasado 28 de febrero, el centro de Plena Inclusi\u00f3n de Cabeza de Buey acogi\u00f3 una edici\u00f3n del curso de \u00abAcompa\u00f1amiento y habilidades para superar el duelo\u00bb cuyo ponente, Daniel J. L\u00f3pez Vega cont\u00f3 con la colaboraci\u00f3n de la psic\u00f3loga Nuria Moncayo, facilitadora de grupos de ayuda mutua de duelo por suicidio. <\/p>\n\n\n\n<p>La formaci\u00f3n, que tuvo una metodolog\u00eda participativa, dio la oportunidad de trabajar las siguientes unidades tem\u00e1ticas:<\/p>\n\n\n\n<ol class=\"wp-block-list\">\n<li>Introducci\u00f3n: el suicidio como fen\u00f3meno complejo, multicausal y poli\u00e9drico.<\/li>\n\n\n\n<li>El estigma y los mitos.<\/li>\n\n\n\n<li>La pedagog\u00eda de la muerte.<\/li>\n\n\n\n<li>Particularidades del duelo por suicidio.<\/li>\n\n\n\n<li>Intervenci\u00f3n en duelo por suicidio: habilidades de acompa\u00f1amiento.<\/li>\n<\/ol>\n\n\n\n<p>Agradecemos la participaci\u00f3n y el recibimiento en este pueblo pacense y de todo el grupo de trabajo, as\u00ed como la oportunidad de generar conocimiento conjunto en un tema tan complejo como el del duelo por suicidio. <\/p>\n","protected":false},"excerpt":{"rendered":"<p>El pasado 28 de febrero, el centro de Plena Inclusi\u00f3n de Cabeza de Buey acogi\u00f3 una edici\u00f3n del curso de \u00abAcompa\u00f1amiento y habilidades para superar el duelo\u00bb cuyo ponente, Daniel J. L\u00f3pez Vega cont\u00f3 con la colaboraci\u00f3n de la psic\u00f3loga Nuria Moncayo, facilitadora de grupos de ayuda mutua de duelo por suicidio. La formaci\u00f3n, que [&hellip;]<\/p>\n","protected":false},"author":1,"featured_media":582,"comment_status":"open","ping_status":"open","sticky":false,"template":"","format":"standard","meta":{"_uag_custom_page_level_css":"","jetpack_post_was_ever_published":false,"_jetpack_newsletter_access":"","_jetpack_dont_email_post_to_subs":false,"_jetpack_newsletter_tier_id":0,"_jetpack_memberships_contains_paywalled_content":false,"_jetpack_memberships_contains_paid_content":false,"_joinchat":[],"footnotes":""},"categories":[18],"tags":[],"class_list":["post-581","post","type-post","status-publish","format-standard","has-post-thumbnail","hentry","category-duelo"],"nelio_content":{"isAutoShareEnabled":true,"autoShareEndMode":"never","automationSources":{"useCustomSentences":false,"customSentences":[]},"followers":[1],"suggestedReferences":[],"efiUrl":"","efiAlt":"","highlights":[],"permalinkQueryArgs":[],"series":[]},"jetpack_featured_media_url":"https:\/\/i0.wp.com\/serendipia.icu\/wp-content\/uploads\/2024\/02\/Cartel-Taller-BE-profesionales_page-0001.jpg?fit=1755%2C2480&ssl=1","uagb_featured_image_src":{"full":["https:\/\/i0.wp.com\/serendipia.icu\/wp-content\/uploads\/2024\/02\/Cartel-Taller-BE-profesionales_page-0001.jpg?fit=1755%2C2480&ssl=1",1755,2480,false],"thumbnail":["https:\/\/i0.wp.com\/serendipia.icu\/wp-content\/uploads\/2024\/02\/Cartel-Taller-BE-profesionales_page-0001.jpg?resize=150%2C150&ssl=1",150,150,true],"medium":["https:\/\/i0.wp.com\/serendipia.icu\/wp-content\/uploads\/2024\/02\/Cartel-Taller-BE-profesionales_page-0001.jpg?fit=212%2C300&ssl=1",212,300,true],"medium_large":["https:\/\/i0.wp.com\/serendipia.icu\/wp-content\/uploads\/2024\/02\/Cartel-Taller-BE-profesionales_page-0001.jpg?fit=768%2C1085&ssl=1",768,1085,true],"large":["https:\/\/i0.wp.com\/serendipia.icu\/wp-content\/uploads\/2024\/02\/Cartel-Taller-BE-profesionales_page-0001.jpg?fit=725%2C1024&ssl=1",725,1024,true],"1536x1536":["https:\/\/i0.wp.com\/serendipia.icu\/wp-content\/uploads\/2024\/02\/Cartel-Taller-BE-profesionales_page-0001.jpg?fit=1087%2C1536&ssl=1",1087,1536,true],"2048x2048":["https:\/\/i0.wp.com\/serendipia.icu\/wp-content\/uploads\/2024\/02\/Cartel-Taller-BE-profesionales_page-0001.jpg?fit=1449%2C2048&ssl=1",1449,2048,true]},"uagb_author_info":{"display_name":"daniel_lv","author_link":"https:\/\/serendipia.icu\/index.php\/author\/daniel_lv\/"},"uagb_comment_info":5,"uagb_excerpt":"El pasado 28 de febrero, el centro de Plena Inclusi\u00f3n de Cabeza de Buey acogi\u00f3 una edici\u00f3n del curso de \u00abAcompa\u00f1amiento y habilidades para superar el duelo\u00bb cuyo ponente, Daniel J. L\u00f3pez Vega cont\u00f3 con la colaboraci\u00f3n de la psic\u00f3loga Nuria Moncayo, facilitadora de grupos de ayuda mutua de duelo por suicidio. La formaci\u00f3n, que&hellip;","jetpack-related-posts":[],"jetpack_sharing_enabled":true,"_links":{"self":[{"href":"https:\/\/serendipia.icu\/index.php\/wp-json\/wp\/v2\/posts\/581","targetHints":{"allow":["GET"]}}],"collection":[{"href":"https:\/\/serendipia.icu\/index.php\/wp-json\/wp\/v2\/posts"}],"about":[{"href":"https:\/\/serendipia.icu\/index.php\/wp-json\/wp\/v2\/types\/post"}],"author":[{"embeddable":true,"href":"https:\/\/serendipia.icu\/index.php\/wp-json\/wp\/v2\/users\/1"}],"replies":[{"embeddable":true,"href":"https:\/\/serendipia.icu\/index.php\/wp-json\/wp\/v2\/comments?post=581"}],"version-history":[{"count":3,"href":"https:\/\/serendipia.icu\/index.php\/wp-json\/wp\/v2\/posts\/581\/revisions"}],"predecessor-version":[{"id":586,"href":"https:\/\/serendipia.icu\/index.php\/wp-json\/wp\/v2\/posts\/581\/revisions\/586"}],"wp:featuredmedia":[{"embeddable":true,"href":"https:\/\/serendipia.icu\/index.php\/wp-json\/wp\/v2\/media\/582"}],"wp:attachment":[{"href":"https:\/\/serendipia.icu\/index.php\/wp-json\/wp\/v2\/media?parent=581"}],"wp:term":[{"taxonomy":"category","embeddable":true,"href":"https:\/\/serendipia.icu\/index.php\/wp-json\/wp\/v2\/categories?post=581"},{"taxonomy":"post_tag","embeddable":true,"href":"https:\/\/serendipia.icu\/index.php\/wp-json\/wp\/v2\/tags?post=581"}],"curies":[{"name":"wp","href":"https:\/\/api.w.org\/{rel}","templated":true}]}}