{"id":571,"date":"2024-02-19T08:00:00","date_gmt":"2024-02-19T07:00:00","guid":{"rendered":"https:\/\/serendipia.icu\/?p=571"},"modified":"2024-02-18T21:47:11","modified_gmt":"2024-02-18T20:47:11","slug":"finaliza-el-curso-de-facilitacion-de-grupos-de-ayuda-mutua-de-duelo-por-suicidio-organizado-por-la-conselleria-de-sanidade-y-serendipia-icu","status":"publish","type":"post","link":"https:\/\/serendipia.icu\/index.php\/2024\/02\/19\/finaliza-el-curso-de-facilitacion-de-grupos-de-ayuda-mutua-de-duelo-por-suicidio-organizado-por-la-conselleria-de-sanidade-y-serendipia-icu\/","title":{"rendered":"Finaliza el curso de facilitaci\u00f3n de grupos de ayuda mutua de duelo por suicidio organizado por la Conseller\u00eda de Sanidade y Serendipia.icu"},"content":{"rendered":"\n<div style=\"height:54px\" aria-hidden=\"true\" class=\"wp-block-spacer\"><\/div>\n\n\n\n<div class=\"wp-block-uagb-image uagb-block-40bbd43a wp-block-uagb-image--layout-default wp-block-uagb-image--effect-static wp-block-uagb-image--align-none\"><figure class=\"wp-block-uagb-image__figure\"><img data-recalc-dims=\"1\" decoding=\"async\" srcset=\"https:\/\/serendipia.icu\/wp-content\/uploads\/2024\/02\/IMG_20210522_173503-1024x768.jpg ,https:\/\/serendipia.icu\/wp-content\/uploads\/2024\/02\/IMG_20210522_173503.jpg 780w, https:\/\/serendipia.icu\/wp-content\/uploads\/2024\/02\/IMG_20210522_173503.jpg 360w\" sizes=\"auto, (max-width: 480px) 150px\" src=\"https:\/\/i0.wp.com\/serendipia.icu\/wp-content\/uploads\/2024\/02\/IMG_20210522_173503.jpg?resize=1170%2C878&#038;ssl=1\" alt=\"\" class=\"uag-image-576\" width=\"1170\" height=\"878\" title=\"\" loading=\"lazy\"\/><\/figure><\/div>\n\n\n\n<div style=\"height:74px\" aria-hidden=\"true\" class=\"wp-block-spacer\"><\/div>\n\n\n\n<p>Ayer s\u00e1bado 18 de febrero de 2024 se dio por finalizada la formaci\u00f3n que durante el mes de febrero se ha celebrado en Santiago de Compostela con el objetivo de dotar de competencias de diferentes movimientos asociativos para inicar grupos de duelo por suicidio en todo el territorio gallego.<\/p>\n\n\n\n<p>Una treintena de profesionales de diferentes asociaciones se han formado en conceptos de duelo y estrategias de acompa\u00f1amiento en un curso coordinado por Daniel J. L\u00f3pez y donde participaron adem\u00e1s de L\u00f3pez, Nuria Moncayo, Francisco Rodr\u00edguez y Ana Ru\u00edz, profesionales de la psicolog\u00eda con experiencia en el acompa\u00f1amiento de duelos por suicidio.<\/p>\n\n\n\n<p>La acci\u00f3n formativa ha contado con un total de 30 horas distribuidas en tres sesiones presenciales y una online a trav\u00e9s de videoconferencia y una parte pr\u00e1ctica.<\/p>\n\n\n\n<p>El duelo por suicidio constituye un importante reto social y de salud p\u00fablica porque el estigma y el silencio influye en la cronificaci\u00f3n y patologizaci\u00f3n de un proceso vital sano que es el duelo en general.<\/p>\n\n\n\n<p>Nuestro agradecimiento a la Conseller\u00eda de Sanidade por la oportunidad de organizar esta acci\u00f3n formativa que esperemos que sea el inicio de otras colaboraciones en este \u00e1mbito.<\/p>\n\n\n\n<div style=\"height:74px\" aria-hidden=\"true\" class=\"wp-block-spacer\"><\/div>\n\n\n\n<div class=\"wp-block-uagb-image uagb-block-d2170046 wp-block-uagb-image--layout-default wp-block-uagb-image--effect-static wp-block-uagb-image--align-none\"><figure class=\"wp-block-uagb-image__figure\"><img data-recalc-dims=\"1\" decoding=\"async\" srcset=\"https:\/\/serendipia.icu\/wp-content\/uploads\/2024\/02\/c7a351ea-7dbd-4f6c-8f21-f0a7b0df022a-1024x534.jpg ,https:\/\/serendipia.icu\/wp-content\/uploads\/2024\/02\/c7a351ea-7dbd-4f6c-8f21-f0a7b0df022a.jpg 780w, https:\/\/serendipia.icu\/wp-content\/uploads\/2024\/02\/c7a351ea-7dbd-4f6c-8f21-f0a7b0df022a.jpg 360w\" sizes=\"auto, (max-width: 480px) 150px\" src=\"https:\/\/i0.wp.com\/serendipia.icu\/wp-content\/uploads\/2024\/02\/c7a351ea-7dbd-4f6c-8f21-f0a7b0df022a.jpg?resize=1170%2C610&#038;ssl=1\" alt=\"\" class=\"uag-image-575\" width=\"1170\" height=\"610\" title=\"\" loading=\"lazy\"\/><\/figure><\/div>\n","protected":false},"excerpt":{"rendered":"<p>Ayer s\u00e1bado 18 de febrero de 2024 se dio por finalizada la formaci\u00f3n que durante el mes de febrero se ha celebrado en Santiago de Compostela con el objetivo de dotar de competencias de diferentes movimientos asociativos para inicar grupos de duelo por suicidio en todo el territorio gallego. Una treintena de profesionales de diferentes [&hellip;]<\/p>\n","protected":false},"author":1,"featured_media":0,"comment_status":"open","ping_status":"open","sticky":false,"template":"","format":"standard","meta":{"_uag_custom_page_level_css":"","jetpack_post_was_ever_published":false,"_jetpack_newsletter_access":"","_jetpack_dont_email_post_to_subs":false,"_jetpack_newsletter_tier_id":0,"_jetpack_memberships_contains_paywalled_content":false,"_jetpack_memberships_contains_paid_content":false,"_joinchat":[],"footnotes":""},"categories":[18],"tags":[26],"class_list":["post-571","post","type-post","status-publish","format-standard","hentry","category-duelo","tag-posvencion-del-suicidio"],"nelio_content":{"isAutoShareEnabled":true,"autoShareEndMode":"never","automationSources":{"useCustomSentences":false,"customSentences":[]},"followers":[],"suggestedReferences":[],"efiUrl":"","efiAlt":"","highlights":[],"permalinkQueryArgs":[],"series":[]},"jetpack_featured_media_url":"","uagb_featured_image_src":{"full":false,"thumbnail":false,"medium":false,"medium_large":false,"large":false,"1536x1536":false,"2048x2048":false},"uagb_author_info":{"display_name":"daniel_lv","author_link":"https:\/\/serendipia.icu\/index.php\/author\/daniel_lv\/"},"uagb_comment_info":0,"uagb_excerpt":"Ayer s\u00e1bado 18 de febrero de 2024 se dio por finalizada la formaci\u00f3n que durante el mes de febrero se ha celebrado en Santiago de Compostela con el objetivo de dotar de competencias de diferentes movimientos asociativos para inicar grupos de duelo por suicidio en todo el territorio gallego. Una treintena de profesionales de diferentes&hellip;","jetpack-related-posts":[],"jetpack_sharing_enabled":true,"_links":{"self":[{"href":"https:\/\/serendipia.icu\/index.php\/wp-json\/wp\/v2\/posts\/571","targetHints":{"allow":["GET"]}}],"collection":[{"href":"https:\/\/serendipia.icu\/index.php\/wp-json\/wp\/v2\/posts"}],"about":[{"href":"https:\/\/serendipia.icu\/index.php\/wp-json\/wp\/v2\/types\/post"}],"author":[{"embeddable":true,"href":"https:\/\/serendipia.icu\/index.php\/wp-json\/wp\/v2\/users\/1"}],"replies":[{"embeddable":true,"href":"https:\/\/serendipia.icu\/index.php\/wp-json\/wp\/v2\/comments?post=571"}],"version-history":[{"count":4,"href":"https:\/\/serendipia.icu\/index.php\/wp-json\/wp\/v2\/posts\/571\/revisions"}],"predecessor-version":[{"id":577,"href":"https:\/\/serendipia.icu\/index.php\/wp-json\/wp\/v2\/posts\/571\/revisions\/577"}],"wp:attachment":[{"href":"https:\/\/serendipia.icu\/index.php\/wp-json\/wp\/v2\/media?parent=571"}],"wp:term":[{"taxonomy":"category","embeddable":true,"href":"https:\/\/serendipia.icu\/index.php\/wp-json\/wp\/v2\/categories?post=571"},{"taxonomy":"post_tag","embeddable":true,"href":"https:\/\/serendipia.icu\/index.php\/wp-json\/wp\/v2\/tags?post=571"}],"curies":[{"name":"wp","href":"https:\/\/api.w.org\/{rel}","templated":true}]}}