{"id":565,"date":"2024-02-16T09:16:36","date_gmt":"2024-02-16T08:16:36","guid":{"rendered":"https:\/\/serendipia.icu\/?p=565"},"modified":"2024-02-16T09:20:35","modified_gmt":"2024-02-16T08:20:35","slug":"el-colexio-oficial-de-psicoloxia-de-galicia-organiza-tempo-da-psicoloxia-colegio","status":"publish","type":"post","link":"https:\/\/serendipia.icu\/index.php\/2024\/02\/16\/el-colexio-oficial-de-psicoloxia-de-galicia-organiza-tempo-da-psicoloxia-colegio\/","title":{"rendered":"El Colexio Oficial de Psicolox\u00eda de Galicia organiza \u00abTempo da Psicolox\u00eda Colegio\u00bb"},"content":{"rendered":"\n<div style=\"height:60px\" aria-hidden=\"true\" class=\"wp-block-spacer\"><\/div>\n\n\n\n<p>El pr\u00f3ximo martes 20 de febrero el Colexio Oficial de Psicolox\u00eda de Galicia organiza \u00abTempo da Psicolox\u00eda Colegio\u00bb una actividad que cuenta con la participaci\u00f3n de Daniel J. L\u00f3pez. L\u00f3pez es psic\u00f3logo sanitario, presidente de \u00abPapageno\u00bb, miembro de la Junta Rectora del COP-AO y profesional en el \u00e1mbito p\u00fablico y privado y hablar\u00e1 sobre la importancia de la psicolog\u00eda en el \u00e1mbito del abordaje del suicidio desde una perspectiva comunitaria. La actividad contar\u00e1 con m\u00e1s profesionales en varias jornadas. Puedes consultar toda la informaci\u00f3n en el bot\u00f3n de inscripci\u00f3n.<\/p>\n\n\n\n<p>Nuestro agradecimiento por la invitaci\u00f3n y por poder compartir nuestra experiencia en este \u00e1mbito y poder aprender del resto de participantes.<\/p>\n\n\n\n<div class=\"wp-block-uagb-buttons uagb-buttons__outer-wrap uagb-btn__default-btn uagb-btn-tablet__default-btn uagb-btn-mobile__default-btn uagb-block-766272cd\"><div class=\"uagb-buttons__wrap uagb-buttons-layout-wrap\">\n<div class=\"wp-block-uagb-buttons-child uagb-buttons__outer-wrap uagb-block-b9bf5250 wp-block-button\"><div class=\"uagb-button__wrapper\"><a class=\"uagb-buttons-repeater wp-block-button__link\" href=\"\/\/us06web.zoom.us\/webinar\/register\/WN_AH4dAzKtSuWjRyrcxfR6hg#\/registration\" onclick=\"return true;\" rel=\"follow noopener\" target=\"_self\"><div class=\"uagb-button__link\">Inscripci\u00f3n<\/div><\/a><\/div><\/div>\n<\/div><\/div>\n\n\n\n<figure class=\"wp-block-embed is-type-rich is-provider-twitter wp-block-embed-twitter\"><div class=\"wp-block-embed__wrapper\">\n<blockquote class=\"twitter-tweet\" data-width=\"550\" data-dnt=\"true\"><p lang=\"pt\" dir=\"ltr\">Aseguramos que o <a href=\"https:\/\/twitter.com\/hashtag\/suicidio?src=hash&amp;ref_src=twsrc%5Etfw\">#suicidio<\/a> se pode previr e que debe ser abordado de xeito multidisciplinar. Pero como se fai isto? <br>O martes 20 \u00e9 a quenda de falarmos do comunitario en  <a href=\"https:\/\/twitter.com\/hashtag\/TempoDaPsicolox%C3%ADa?src=hash&amp;ref_src=twsrc%5Etfw\">#TempoDaPsicolox\u00eda<\/a> <a href=\"https:\/\/twitter.com\/tempodapsi?ref_src=twsrc%5Etfw\">@tempodapsi<\/a> <br><br>Modera a xornalista <a href=\"https:\/\/twitter.com\/larasalgado_?ref_src=twsrc%5Etfw\">@larasalgado_<\/a> <br><br>Inscr\u00edbete en <a href=\"https:\/\/t.co\/9WZIcYWxdY\">https:\/\/t.co\/9WZIcYWxdY<\/a> <a href=\"https:\/\/t.co\/NlpJf6VzHN\">pic.twitter.com\/NlpJf6VzHN<\/a><\/p>&mdash; Colexio Oficial de Psicolox\u00eda de Galicia (@copgalicia) <a href=\"https:\/\/twitter.com\/copgalicia\/status\/1758163992206291394?ref_src=twsrc%5Etfw\">February 15, 2024<\/a><\/blockquote><script async src=\"https:\/\/platform.twitter.com\/widgets.js\" charset=\"utf-8\"><\/script>\n<\/div><\/figure>\n","protected":false},"excerpt":{"rendered":"<p>El pr\u00f3ximo martes 20 de febrero el Colexio Oficial de Psicolox\u00eda de Galicia organiza \u00abTempo da Psicolox\u00eda Colegio\u00bb una actividad que cuenta con la participaci\u00f3n de Daniel J. L\u00f3pez. L\u00f3pez es psic\u00f3logo sanitario, presidente de \u00abPapageno\u00bb, miembro de la Junta Rectora del COP-AO y profesional en el \u00e1mbito p\u00fablico y privado y hablar\u00e1 sobre la [&hellip;]<\/p>\n","protected":false},"author":1,"featured_media":567,"comment_status":"open","ping_status":"open","sticky":false,"template":"","format":"standard","meta":{"_uag_custom_page_level_css":"","jetpack_post_was_ever_published":false,"_jetpack_newsletter_access":"","_jetpack_dont_email_post_to_subs":false,"_jetpack_newsletter_tier_id":0,"_jetpack_memberships_contains_paywalled_content":false,"_jetpack_memberships_contains_paid_content":false,"_joinchat":[],"footnotes":""},"categories":[1],"tags":[],"class_list":["post-565","post","type-post","status-publish","format-standard","has-post-thumbnail","hentry","category-blog"],"nelio_content":{"isAutoShareEnabled":true,"autoShareEndMode":"never","automationSources":{"useCustomSentences":false,"customSentences":[]},"followers":[],"suggestedReferences":[],"efiUrl":"","efiAlt":"","highlights":[],"permalinkQueryArgs":[],"series":[]},"jetpack_featured_media_url":"https:\/\/i0.wp.com\/serendipia.icu\/wp-content\/uploads\/2024\/02\/GGZAzdFWMAQfjON-1.jpeg?fit=680%2C680&ssl=1","uagb_featured_image_src":{"full":["https:\/\/i0.wp.com\/serendipia.icu\/wp-content\/uploads\/2024\/02\/GGZAzdFWMAQfjON-1.jpeg?fit=680%2C680&ssl=1",680,680,false],"thumbnail":["https:\/\/i0.wp.com\/serendipia.icu\/wp-content\/uploads\/2024\/02\/GGZAzdFWMAQfjON-1.jpeg?resize=150%2C150&ssl=1",150,150,true],"medium":["https:\/\/i0.wp.com\/serendipia.icu\/wp-content\/uploads\/2024\/02\/GGZAzdFWMAQfjON-1.jpeg?fit=300%2C300&ssl=1",300,300,true],"medium_large":["https:\/\/i0.wp.com\/serendipia.icu\/wp-content\/uploads\/2024\/02\/GGZAzdFWMAQfjON-1.jpeg?fit=680%2C680&ssl=1",680,680,true],"large":["https:\/\/i0.wp.com\/serendipia.icu\/wp-content\/uploads\/2024\/02\/GGZAzdFWMAQfjON-1.jpeg?fit=680%2C680&ssl=1",680,680,true],"1536x1536":["https:\/\/i0.wp.com\/serendipia.icu\/wp-content\/uploads\/2024\/02\/GGZAzdFWMAQfjON-1.jpeg?fit=680%2C680&ssl=1",680,680,true],"2048x2048":["https:\/\/i0.wp.com\/serendipia.icu\/wp-content\/uploads\/2024\/02\/GGZAzdFWMAQfjON-1.jpeg?fit=680%2C680&ssl=1",680,680,true]},"uagb_author_info":{"display_name":"daniel_lv","author_link":"https:\/\/serendipia.icu\/index.php\/author\/daniel_lv\/"},"uagb_comment_info":3,"uagb_excerpt":"El pr\u00f3ximo martes 20 de febrero el Colexio Oficial de Psicolox\u00eda de Galicia organiza \u00abTempo da Psicolox\u00eda Colegio\u00bb una actividad que cuenta con la participaci\u00f3n de Daniel J. L\u00f3pez. L\u00f3pez es psic\u00f3logo sanitario, presidente de \u00abPapageno\u00bb, miembro de la Junta Rectora del COP-AO y profesional en el \u00e1mbito p\u00fablico y privado y hablar\u00e1 sobre la&hellip;","jetpack-related-posts":[],"jetpack_sharing_enabled":true,"_links":{"self":[{"href":"https:\/\/serendipia.icu\/index.php\/wp-json\/wp\/v2\/posts\/565","targetHints":{"allow":["GET"]}}],"collection":[{"href":"https:\/\/serendipia.icu\/index.php\/wp-json\/wp\/v2\/posts"}],"about":[{"href":"https:\/\/serendipia.icu\/index.php\/wp-json\/wp\/v2\/types\/post"}],"author":[{"embeddable":true,"href":"https:\/\/serendipia.icu\/index.php\/wp-json\/wp\/v2\/users\/1"}],"replies":[{"embeddable":true,"href":"https:\/\/serendipia.icu\/index.php\/wp-json\/wp\/v2\/comments?post=565"}],"version-history":[{"count":3,"href":"https:\/\/serendipia.icu\/index.php\/wp-json\/wp\/v2\/posts\/565\/revisions"}],"predecessor-version":[{"id":569,"href":"https:\/\/serendipia.icu\/index.php\/wp-json\/wp\/v2\/posts\/565\/revisions\/569"}],"wp:featuredmedia":[{"embeddable":true,"href":"https:\/\/serendipia.icu\/index.php\/wp-json\/wp\/v2\/media\/567"}],"wp:attachment":[{"href":"https:\/\/serendipia.icu\/index.php\/wp-json\/wp\/v2\/media?parent=565"}],"wp:term":[{"taxonomy":"category","embeddable":true,"href":"https:\/\/serendipia.icu\/index.php\/wp-json\/wp\/v2\/categories?post=565"},{"taxonomy":"post_tag","embeddable":true,"href":"https:\/\/serendipia.icu\/index.php\/wp-json\/wp\/v2\/tags?post=565"}],"curies":[{"name":"wp","href":"https:\/\/api.w.org\/{rel}","templated":true}]}}