{"id":551,"date":"2024-02-16T07:14:06","date_gmt":"2024-02-16T06:14:06","guid":{"rendered":"https:\/\/serendipia.icu\/?p=551"},"modified":"2024-02-16T07:14:08","modified_gmt":"2024-02-16T06:14:08","slug":"mas-de-200-profesionales-de-centros-educativos-gaditanos-se-forman-en-deteccion-precoz-de-conducta-suicida","status":"publish","type":"post","link":"https:\/\/serendipia.icu\/index.php\/2024\/02\/16\/mas-de-200-profesionales-de-centros-educativos-gaditanos-se-forman-en-deteccion-precoz-de-conducta-suicida\/","title":{"rendered":"M\u00e1s de 200 profesionales de centros educativos gaditanos se forman en detecci\u00f3n precoz de conducta suicida"},"content":{"rendered":"\n<div style=\"height:73px\" aria-hidden=\"true\" class=\"wp-block-spacer\"><\/div>\n\n\n<p><img data-recalc-dims=\"1\" loading=\"lazy\" decoding=\"async\" class=\" wp-image-558 alignleft\" src=\"https:\/\/i0.wp.com\/serendipia.icu\/wp-content\/uploads\/2024\/02\/image-1.png?resize=193%2C139&#038;ssl=1\" alt=\"\" width=\"193\" height=\"139\" srcset=\"https:\/\/i0.wp.com\/serendipia.icu\/wp-content\/uploads\/2024\/02\/image-1.png?resize=300%2C216&amp;ssl=1 300w, https:\/\/i0.wp.com\/serendipia.icu\/wp-content\/uploads\/2024\/02\/image-1.png?w=319&amp;ssl=1 319w\" sizes=\"auto, (max-width: 193px) 100vw, 193px\" \/>El CEP del Algeciras-La L\u00ednea organiza una formaci\u00f3n online con el objetivo de dotar de competencias al personal docente de estrategias y herramientas para detectar conductas suicidas y autolesiones no suicidas en los centros educativos de la provincia de C\u00e1diz.<\/p>\n\n\n<p>Daniel J. L\u00f3pez, psic\u00f3logo sanitario y formador, particip\u00f3 en la actividad durante dos sesiones. En la primera habl\u00f3 de la importancia de la detecci\u00f3n precoz y el papel clave de los centros educativos. Por otro lado, desarroll\u00f3 un algoritmo para facilitar el trabajo de los docentes e identificar los casos y las medidas a determinar. Habl\u00f3 de la necesidad de aprender a diferenciar la conducta suicida de las autolesiones no suicidas y destac\u00f3 la importancia de la responsabilidad de delimitar las funciones a la hora de la intervenci\u00f3n en este problema de salud p\u00fablica y social. La atenci\u00f3n de la conducta suicida es por su naturaleza una tarea para personal especializado en salud mental, entre ellos profesionales de la psicolog\u00eda, que cuente con el conocimiento, la experiencia y los recursos necesarios y no deber\u00eda confundirse con su prevenci\u00f3n que es una tarea de todos y en geneeral de la sociedad en su conjunto.<\/p>\n\n\n\n<p>En la segunda sesi\u00f3n desarroll\u00f3 conceptos b\u00e1sicos de la conducta suicida en los entornos educativos y otros temas dirigidos a la afabetizaci\u00f3n en salud mental y sobre el suicidio necesarios para poder afrontar la importante tarea de convertir los centros educativos en centros saludables en materia de salud mental. <\/p>\n\n\n\n<p>En Andalucia en 2023, la Consejer\u00eda de Salud y Consumo hizo p\u00fablico el<a href=\"https:\/\/www.sspa.juntadeandalucia.es\/servicioandaluzdesalud\/sites\/default\/files\/sincfiles\/wsas-media-mediafile_sasdocumento\/2023\/programa_prevencion_conductas_suicidas_andalucia_2023_2026_def.pdf\" data-type=\"link\" data-id=\"https:\/\/www.sspa.juntadeandalucia.es\/servicioandaluzdesalud\/sites\/default\/files\/sincfiles\/wsas-media-mediafile_sasdocumento\/2023\/programa_prevencion_conductas_suicidas_andalucia_2023_2026_def.pdf\"> <\/a>Programa de Prevenci\u00f3n de la conducta suicida en Andaluc\u00eda 2023-2026 y la Consejer\u00eda de Desarrollo Educativo y Formaci\u00f3n Profesional la Gu\u00eda para la prevenci\u00f3n del riesgo de conductas suicidas y autolesiones del alumnado. L\u00f3pez destaca la importancia de desarrollar las medidas contempladas en ambos planes para reducir el impacto de este fen\u00f3meno, especialmente de las autolesiones no suicidas en esas edades y sobre la necesidad de una praxis realista basada en datos y estrategias proactivas y no basada en dramatismos que provocan reacciones emocionales y no el desarrollo de medidas efectivas.<\/p>\n\n\n\n<div style=\"height:73px\" aria-hidden=\"true\" class=\"wp-block-spacer\"><\/div>\n\n\n\n<h3 class=\"wp-block-heading\">Documentos de inter\u00e9s<\/h3>\n\n\n\n<div data-wp-interactive=\"core\/file\" class=\"wp-block-file\"><object data-wp-bind--hidden=\"!state.hasPdfPreview\" hidden class=\"wp-block-file__embed\" data=\"https:\/\/serendipia.icu\/wp-content\/uploads\/2024\/02\/programa_prevencion_conductas_suicidas_andalucia_2023_2026_def.pdf\" type=\"application\/pdf\" style=\"width:100%;height:600px\" aria-label=\"Incrustado de programa_prevencion_conductas_suicidas_andalucia_2023_2026_def.\"><\/object><a id=\"wp-block-file--media-3e769da4-2515-4d71-aafb-f2004af11a99\" href=\"https:\/\/serendipia.icu\/wp-content\/uploads\/2024\/02\/programa_prevencion_conductas_suicidas_andalucia_2023_2026_def.pdf\">programa_prevencion_conductas_suicidas_andalucia_2023_2026_def<\/a><a href=\"https:\/\/serendipia.icu\/wp-content\/uploads\/2024\/02\/programa_prevencion_conductas_suicidas_andalucia_2023_2026_def.pdf\" class=\"wp-block-file__button wp-element-button\" download aria-describedby=\"wp-block-file--media-3e769da4-2515-4d71-aafb-f2004af11a99\">Descarga<\/a><\/div>\n\n\n\n<div style=\"height:73px\" aria-hidden=\"true\" class=\"wp-block-spacer\"><\/div>\n\n\n\n<div data-wp-interactive=\"core\/file\" class=\"wp-block-file\"><object data-wp-bind--hidden=\"!state.hasPdfPreview\" hidden class=\"wp-block-file__embed\" data=\"https:\/\/serendipia.icu\/wp-content\/uploads\/2024\/02\/Guia_del_protocolo_de_actuacion_para_la_prevencion_del_riesgo_ante_conductas_suicidas_o_autolesiones_del_alumnado.pdf\" type=\"application\/pdf\" style=\"width:100%;height:600px\" aria-label=\"Incrustado de Gu\u00eda para la prevenci\u00f3n del riesgo de conductas suicidas y autolesiones del alumnado.\"><\/object><a id=\"wp-block-file--media-f9f72106-65b5-42ba-9147-fa2033182906\" href=\"https:\/\/serendipia.icu\/wp-content\/uploads\/2024\/02\/Guia_del_protocolo_de_actuacion_para_la_prevencion_del_riesgo_ante_conductas_suicidas_o_autolesiones_del_alumnado.pdf\">Gu\u00eda para la prevenci\u00f3n del riesgo de conductas suicidas y autolesiones del alumnado<\/a><a href=\"https:\/\/serendipia.icu\/wp-content\/uploads\/2024\/02\/Guia_del_protocolo_de_actuacion_para_la_prevencion_del_riesgo_ante_conductas_suicidas_o_autolesiones_del_alumnado.pdf\" class=\"wp-block-file__button wp-element-button\" download aria-describedby=\"wp-block-file--media-f9f72106-65b5-42ba-9147-fa2033182906\">Descarga<\/a><\/div>\n\n\n\n<div style=\"height:73px\" aria-hidden=\"true\" class=\"wp-block-spacer\"><\/div>\n\n\n\n<div data-wp-interactive=\"core\/file\" class=\"wp-block-file\"><object data-wp-bind--hidden=\"!state.hasPdfPreview\" hidden class=\"wp-block-file__embed\" data=\"https:\/\/serendipia.icu\/wp-content\/uploads\/2024\/02\/infografia_del_protocolo_de_prevencion_de_conductas_suicidas_y_autoliticas.pdf\" type=\"application\/pdf\" style=\"width:100%;height:600px\" aria-label=\"Incrustado de infografia_del_protocolo_de_prevencion_de_conductas_suicidas_y_autoliticas.\"><\/object><a id=\"wp-block-file--media-c5c0a9c2-8e5a-4ea9-a3d0-b6dcbbf8909e\" href=\"https:\/\/serendipia.icu\/wp-content\/uploads\/2024\/02\/infografia_del_protocolo_de_prevencion_de_conductas_suicidas_y_autoliticas.pdf\">infografia_del_protocolo_de_prevencion_de_conductas_suicidas_y_autoliticas<\/a><a href=\"https:\/\/serendipia.icu\/wp-content\/uploads\/2024\/02\/infografia_del_protocolo_de_prevencion_de_conductas_suicidas_y_autoliticas.pdf\" class=\"wp-block-file__button wp-element-button\" download aria-describedby=\"wp-block-file--media-c5c0a9c2-8e5a-4ea9-a3d0-b6dcbbf8909e\">Descarga<\/a><\/div>\n","protected":false},"excerpt":{"rendered":"<p>El CEP del Algeciras-La L\u00ednea organiza una formaci\u00f3n online con el objetivo de dotar de competencias al personal docente de estrategias y herramientas para detectar conductas suicidas y autolesiones no suicidas en los centros educativos de la provincia de C\u00e1diz. Daniel J. L\u00f3pez, psic\u00f3logo sanitario y formador, particip\u00f3 en la actividad durante dos sesiones. En [&hellip;]<\/p>\n","protected":false},"author":1,"featured_media":561,"comment_status":"open","ping_status":"open","sticky":false,"template":"","format":"standard","meta":{"_uag_custom_page_level_css":"","jetpack_post_was_ever_published":false,"_jetpack_newsletter_access":"","_jetpack_dont_email_post_to_subs":false,"_jetpack_newsletter_tier_id":0,"_jetpack_memberships_contains_paywalled_content":false,"_jetpack_memberships_contains_paid_content":false,"_joinchat":[],"footnotes":""},"categories":[5,24],"tags":[25],"class_list":["post-551","post","type-post","status-publish","format-standard","has-post-thumbnail","hentry","category-educacion","category-prevencion-suicidio","tag-prevencion-suicidio-escuelas"],"nelio_content":{"isAutoShareEnabled":true,"autoShareEndMode":"never","automationSources":{"useCustomSentences":false,"customSentences":[]},"followers":[],"suggestedReferences":[],"efiUrl":"","efiAlt":"","highlights":[],"permalinkQueryArgs":[],"series":[]},"jetpack_featured_media_url":"https:\/\/i0.wp.com\/serendipia.icu\/wp-content\/uploads\/2024\/02\/DETECCION-PRECOZ-Y-EVALUACION-DEL-RIESGO.png?fit=2000%2C1190&ssl=1","uagb_featured_image_src":{"full":["https:\/\/i0.wp.com\/serendipia.icu\/wp-content\/uploads\/2024\/02\/DETECCION-PRECOZ-Y-EVALUACION-DEL-RIESGO.png?fit=2000%2C1190&ssl=1",2000,1190,false],"thumbnail":["https:\/\/i0.wp.com\/serendipia.icu\/wp-content\/uploads\/2024\/02\/DETECCION-PRECOZ-Y-EVALUACION-DEL-RIESGO.png?resize=150%2C150&ssl=1",150,150,true],"medium":["https:\/\/i0.wp.com\/serendipia.icu\/wp-content\/uploads\/2024\/02\/DETECCION-PRECOZ-Y-EVALUACION-DEL-RIESGO.png?fit=300%2C179&ssl=1",300,179,true],"medium_large":["https:\/\/i0.wp.com\/serendipia.icu\/wp-content\/uploads\/2024\/02\/DETECCION-PRECOZ-Y-EVALUACION-DEL-RIESGO.png?fit=768%2C457&ssl=1",768,457,true],"large":["https:\/\/i0.wp.com\/serendipia.icu\/wp-content\/uploads\/2024\/02\/DETECCION-PRECOZ-Y-EVALUACION-DEL-RIESGO.png?fit=1024%2C609&ssl=1",1024,609,true],"1536x1536":["https:\/\/i0.wp.com\/serendipia.icu\/wp-content\/uploads\/2024\/02\/DETECCION-PRECOZ-Y-EVALUACION-DEL-RIESGO.png?fit=1536%2C914&ssl=1",1536,914,true],"2048x2048":["https:\/\/i0.wp.com\/serendipia.icu\/wp-content\/uploads\/2024\/02\/DETECCION-PRECOZ-Y-EVALUACION-DEL-RIESGO.png?fit=2000%2C1190&ssl=1",2000,1190,true]},"uagb_author_info":{"display_name":"daniel_lv","author_link":"https:\/\/serendipia.icu\/index.php\/author\/daniel_lv\/"},"uagb_comment_info":1,"uagb_excerpt":"El CEP del Algeciras-La L\u00ednea organiza una formaci\u00f3n online con el objetivo de dotar de competencias al personal docente de estrategias y herramientas para detectar conductas suicidas y autolesiones no suicidas en los centros educativos de la provincia de C\u00e1diz. Daniel J. L\u00f3pez, psic\u00f3logo sanitario y formador, particip\u00f3 en la actividad durante dos sesiones. En&hellip;","jetpack-related-posts":[],"jetpack_sharing_enabled":true,"_links":{"self":[{"href":"https:\/\/serendipia.icu\/index.php\/wp-json\/wp\/v2\/posts\/551","targetHints":{"allow":["GET"]}}],"collection":[{"href":"https:\/\/serendipia.icu\/index.php\/wp-json\/wp\/v2\/posts"}],"about":[{"href":"https:\/\/serendipia.icu\/index.php\/wp-json\/wp\/v2\/types\/post"}],"author":[{"embeddable":true,"href":"https:\/\/serendipia.icu\/index.php\/wp-json\/wp\/v2\/users\/1"}],"replies":[{"embeddable":true,"href":"https:\/\/serendipia.icu\/index.php\/wp-json\/wp\/v2\/comments?post=551"}],"version-history":[{"count":7,"href":"https:\/\/serendipia.icu\/index.php\/wp-json\/wp\/v2\/posts\/551\/revisions"}],"predecessor-version":[{"id":564,"href":"https:\/\/serendipia.icu\/index.php\/wp-json\/wp\/v2\/posts\/551\/revisions\/564"}],"wp:featuredmedia":[{"embeddable":true,"href":"https:\/\/serendipia.icu\/index.php\/wp-json\/wp\/v2\/media\/561"}],"wp:attachment":[{"href":"https:\/\/serendipia.icu\/index.php\/wp-json\/wp\/v2\/media?parent=551"}],"wp:term":[{"taxonomy":"category","embeddable":true,"href":"https:\/\/serendipia.icu\/index.php\/wp-json\/wp\/v2\/categories?post=551"},{"taxonomy":"post_tag","embeddable":true,"href":"https:\/\/serendipia.icu\/index.php\/wp-json\/wp\/v2\/tags?post=551"}],"curies":[{"name":"wp","href":"https:\/\/api.w.org\/{rel}","templated":true}]}}