{"id":545,"date":"2024-02-15T13:17:08","date_gmt":"2024-02-15T12:17:08","guid":{"rendered":"https:\/\/serendipia.icu\/?p=545"},"modified":"2024-02-15T13:17:09","modified_gmt":"2024-02-15T12:17:09","slug":"taller-practico-sobre-prevencion-e-intervencion-del-suicidio-y-autolesiones-no-suicidas-en-edades-tempranas","status":"publish","type":"post","link":"https:\/\/serendipia.icu\/index.php\/2024\/02\/15\/taller-practico-sobre-prevencion-e-intervencion-del-suicidio-y-autolesiones-no-suicidas-en-edades-tempranas\/","title":{"rendered":"Taller pr\u00e1ctico sobre prevenci\u00f3n e intervenci\u00f3n del suicidio y autolesiones no suicidas en edades tempranas"},"content":{"rendered":"\n<div class=\"wp-block-uagb-buttons uagb-buttons__outer-wrap uagb-btn__default-btn uagb-btn-tablet__default-btn uagb-btn-mobile__default-btn uagb-block-8969adf7\"><div class=\"uagb-buttons__wrap uagb-buttons-layout-wrap\">\n<div class=\"wp-block-uagb-buttons-child uagb-buttons__outer-wrap uagb-block-752ab60a wp-block-button\"><div class=\"uagb-button__wrapper\"><a class=\"uagb-buttons-repeater wp-block-button__link\" href=\"https:\/\/www.calameo.com\/colegio-psicologia-andalucia-occidental\/read\/0056149816a764f89d7af?fbclid=IwAR3OOzrOn3Nk6xx0NLFV19PkEZNazW1QGRhGcrn2aJRkHkS6b0CuyXjeUWk\" onclick=\"return true;\" rel=\"follow noopener\" target=\"_self\"><div class=\"uagb-button__link\">ACCEDER AL PROGRAMA<\/div><\/a><\/div><\/div>\n<\/div><\/div>\n\n\n\n<p>El suicidio, las conductas suicidas en general y las autolesiones no suicidas constituyen un problema de<br>salud p\u00fablica de primer orden. Este problema se ha agravado en los \u00faltimos a\u00f1os, a lo que se ha unido<br>una mayor sensibilizaci\u00f3n por parte de la sociedad hacia estos fen\u00f3menos complejos.<br>Dado el impacto social y la gravedad cuando este tipo de conductas se da entre las edades m\u00e1s<br>tempranas, se hace necesario mejorar las competencias profesionales en este \u00e1mbito.<br>Los y las profesionales de la psicolog\u00eda tienen un papel clave a diferentes niveles tanto previniendo a<br>nivel universal estas conductas como en la gesti\u00f3n y creaci\u00f3n de programas de intervenci\u00f3n y estrategias<br>para intervenir en su aparici\u00f3n.<\/p>\n\n\n\n<p>Con ese objetivo el Colegio Oficial de Psicolog\u00eda de Andaluc\u00eda Occidental organiza una formaci\u00f3n online que impartir\u00e1 Daniel J. L\u00f3pez Colegiado AN08815<\/p>\n\n\n\n<p>Si deseas recibir m\u00e1s informaci\u00f3n accede al programa en el bot\u00f3n superior. \u00a1Participa!<\/p>\n","protected":false},"excerpt":{"rendered":"<p>El suicidio, las conductas suicidas en general y las autolesiones no suicidas constituyen un problema desalud p\u00fablica de primer orden. Este problema se ha agravado en los \u00faltimos a\u00f1os, a lo que se ha unidouna mayor sensibilizaci\u00f3n por parte de la sociedad hacia estos fen\u00f3menos complejos.Dado el impacto social y la gravedad cuando este tipo [&hellip;]<\/p>\n","protected":false},"author":1,"featured_media":547,"comment_status":"open","ping_status":"open","sticky":false,"template":"","format":"standard","meta":{"_uag_custom_page_level_css":"","jetpack_post_was_ever_published":false,"_jetpack_newsletter_access":"","_jetpack_dont_email_post_to_subs":false,"_jetpack_newsletter_tier_id":0,"_jetpack_memberships_contains_paywalled_content":false,"_jetpack_memberships_contains_paid_content":false,"_joinchat":[],"footnotes":""},"categories":[1],"tags":[23],"class_list":["post-545","post","type-post","status-publish","format-standard","has-post-thumbnail","hentry","category-blog","tag-formacion-suicidio"],"nelio_content":{"isAutoShareEnabled":true,"autoShareEndMode":"never","automationSources":{"useCustomSentences":false,"customSentences":[]},"followers":[],"suggestedReferences":[],"efiUrl":"","efiAlt":"","highlights":[],"permalinkQueryArgs":[],"series":[]},"jetpack_featured_media_url":"https:\/\/i0.wp.com\/serendipia.icu\/wp-content\/uploads\/2024\/02\/23a5d4eb-6432-47f6-8c58-f6542eb87d5d.jpg?fit=1200%2C630&ssl=1","uagb_featured_image_src":{"full":["https:\/\/i0.wp.com\/serendipia.icu\/wp-content\/uploads\/2024\/02\/23a5d4eb-6432-47f6-8c58-f6542eb87d5d.jpg?fit=1200%2C630&ssl=1",1200,630,false],"thumbnail":["https:\/\/i0.wp.com\/serendipia.icu\/wp-content\/uploads\/2024\/02\/23a5d4eb-6432-47f6-8c58-f6542eb87d5d.jpg?resize=150%2C150&ssl=1",150,150,true],"medium":["https:\/\/i0.wp.com\/serendipia.icu\/wp-content\/uploads\/2024\/02\/23a5d4eb-6432-47f6-8c58-f6542eb87d5d.jpg?fit=300%2C158&ssl=1",300,158,true],"medium_large":["https:\/\/i0.wp.com\/serendipia.icu\/wp-content\/uploads\/2024\/02\/23a5d4eb-6432-47f6-8c58-f6542eb87d5d.jpg?fit=768%2C403&ssl=1",768,403,true],"large":["https:\/\/i0.wp.com\/serendipia.icu\/wp-content\/uploads\/2024\/02\/23a5d4eb-6432-47f6-8c58-f6542eb87d5d.jpg?fit=1024%2C538&ssl=1",1024,538,true],"1536x1536":["https:\/\/i0.wp.com\/serendipia.icu\/wp-content\/uploads\/2024\/02\/23a5d4eb-6432-47f6-8c58-f6542eb87d5d.jpg?fit=1200%2C630&ssl=1",1200,630,true],"2048x2048":["https:\/\/i0.wp.com\/serendipia.icu\/wp-content\/uploads\/2024\/02\/23a5d4eb-6432-47f6-8c58-f6542eb87d5d.jpg?fit=1200%2C630&ssl=1",1200,630,true]},"uagb_author_info":{"display_name":"daniel_lv","author_link":"https:\/\/serendipia.icu\/index.php\/author\/daniel_lv\/"},"uagb_comment_info":2,"uagb_excerpt":"El suicidio, las conductas suicidas en general y las autolesiones no suicidas constituyen un problema desalud p\u00fablica de primer orden. Este problema se ha agravado en los \u00faltimos a\u00f1os, a lo que se ha unidouna mayor sensibilizaci\u00f3n por parte de la sociedad hacia estos fen\u00f3menos complejos.Dado el impacto social y la gravedad cuando este tipo&hellip;","jetpack-related-posts":[],"jetpack_sharing_enabled":true,"_links":{"self":[{"href":"https:\/\/serendipia.icu\/index.php\/wp-json\/wp\/v2\/posts\/545","targetHints":{"allow":["GET"]}}],"collection":[{"href":"https:\/\/serendipia.icu\/index.php\/wp-json\/wp\/v2\/posts"}],"about":[{"href":"https:\/\/serendipia.icu\/index.php\/wp-json\/wp\/v2\/types\/post"}],"author":[{"embeddable":true,"href":"https:\/\/serendipia.icu\/index.php\/wp-json\/wp\/v2\/users\/1"}],"replies":[{"embeddable":true,"href":"https:\/\/serendipia.icu\/index.php\/wp-json\/wp\/v2\/comments?post=545"}],"version-history":[{"count":3,"href":"https:\/\/serendipia.icu\/index.php\/wp-json\/wp\/v2\/posts\/545\/revisions"}],"predecessor-version":[{"id":549,"href":"https:\/\/serendipia.icu\/index.php\/wp-json\/wp\/v2\/posts\/545\/revisions\/549"}],"wp:featuredmedia":[{"embeddable":true,"href":"https:\/\/serendipia.icu\/index.php\/wp-json\/wp\/v2\/media\/547"}],"wp:attachment":[{"href":"https:\/\/serendipia.icu\/index.php\/wp-json\/wp\/v2\/media?parent=545"}],"wp:term":[{"taxonomy":"category","embeddable":true,"href":"https:\/\/serendipia.icu\/index.php\/wp-json\/wp\/v2\/categories?post=545"},{"taxonomy":"post_tag","embeddable":true,"href":"https:\/\/serendipia.icu\/index.php\/wp-json\/wp\/v2\/tags?post=545"}],"curies":[{"name":"wp","href":"https:\/\/api.w.org\/{rel}","templated":true}]}}