{"id":541,"date":"2024-02-14T08:54:31","date_gmt":"2024-02-14T07:54:31","guid":{"rendered":"https:\/\/serendipia.icu\/?p=541"},"modified":"2024-02-14T09:15:03","modified_gmt":"2024-02-14T08:15:03","slug":"colaboracion-con-radio-soledad","status":"publish","type":"post","link":"https:\/\/serendipia.icu\/index.php\/2024\/02\/14\/colaboracion-con-radio-soledad\/","title":{"rendered":"Colaboraci\u00f3n con Radio Soledad: una palabra, dos sentidos"},"content":{"rendered":"\n<p>Publicamos en nuestro blog la primera colaboraci\u00f3n de Daniel L\u00f3pez, psic\u00f3logo sanitario y master en intervenci\u00f3n psicol\u00f3gica en contextos de riesgo, con Radio Soledad. En este v\u00eddeo que puedes visionar a trav\u00e9s del canal de YouTube de esta radio, L\u00f3pez habla de las connotaciones positivas y negativas del t\u00e9rmino soledad en espa\u00f1ol y esboza la teor\u00eda sobre el amor de Erich Fromm. <\/p>\n\n\n\n<p>Un v\u00eddeo de cinco minutos que no te puedes perder y que esperamos que sea el primero de muchos otros dedicados a la soledad y a otros conceptos claves de la psicolog\u00eda. Si deseas participar, d\u00e9janos tus comentarios y aprendemos en com\u00fan. <\/p>\n\n\n\n<figure class=\"wp-block-embed is-type-video is-provider-youtube wp-block-embed-youtube wp-embed-aspect-16-9 wp-has-aspect-ratio\"><div class=\"wp-block-embed__wrapper\">\n<iframe loading=\"lazy\" title=\"\ud83c\udfa4 Las mil caras de la soledad  | \ud83e\udec2 La soledad: una palabra y dos sentidos\" width=\"1170\" height=\"658\" src=\"https:\/\/www.youtube.com\/embed\/QkOhBP4lWXQ?feature=oembed\" frameborder=\"0\" allow=\"accelerometer; autoplay; clipboard-write; encrypted-media; gyroscope; picture-in-picture; web-share\" allowfullscreen><\/iframe>\n<\/div><\/figure>\n\n\n\n<h1 class=\"wp-block-heading has-text-align-center\"><strong>\u00a1Participa!<\/strong><\/h1>\n\n\n\n<p><\/p>\n","protected":false},"excerpt":{"rendered":"<p>Publicamos en nuestro blog la primera colaboraci\u00f3n de Daniel L\u00f3pez, psic\u00f3logo sanitario y master en intervenci\u00f3n psicol\u00f3gica en contextos de riesgo, con Radio Soledad. En este v\u00eddeo que puedes visionar a trav\u00e9s del canal de YouTube de esta radio, L\u00f3pez habla de las connotaciones positivas y negativas del t\u00e9rmino soledad en espa\u00f1ol y esboza la [&hellip;]<\/p>\n","protected":false},"author":1,"featured_media":544,"comment_status":"open","ping_status":"open","sticky":false,"template":"","format":"standard","meta":{"_uag_custom_page_level_css":"","jetpack_post_was_ever_published":false,"_jetpack_newsletter_access":"","_jetpack_dont_email_post_to_subs":false,"_jetpack_newsletter_tier_id":0,"_jetpack_memberships_contains_paywalled_content":false,"_jetpack_memberships_contains_paid_content":false,"_joinchat":[],"footnotes":""},"categories":[1],"tags":[22,21,20],"class_list":["post-541","post","type-post","status-publish","format-standard","has-post-thumbnail","hentry","category-blog","tag-amor","tag-radio-soledad","tag-soledad"],"nelio_content":{"isAutoShareEnabled":true,"autoShareEndMode":"never","automationSources":{"useCustomSentences":false,"customSentences":[]},"followers":[],"suggestedReferences":[],"efiUrl":"","efiAlt":"","highlights":[],"permalinkQueryArgs":[],"series":[]},"jetpack_featured_media_url":"https:\/\/i0.wp.com\/serendipia.icu\/wp-content\/uploads\/2024\/02\/a1d12601-450a-4a04-bcff-bccd58c7f088.jpg?fit=727%2C207&ssl=1","uagb_featured_image_src":{"full":["https:\/\/i0.wp.com\/serendipia.icu\/wp-content\/uploads\/2024\/02\/a1d12601-450a-4a04-bcff-bccd58c7f088.jpg?fit=727%2C207&ssl=1",727,207,false],"thumbnail":["https:\/\/i0.wp.com\/serendipia.icu\/wp-content\/uploads\/2024\/02\/a1d12601-450a-4a04-bcff-bccd58c7f088.jpg?resize=150%2C150&ssl=1",150,150,true],"medium":["https:\/\/i0.wp.com\/serendipia.icu\/wp-content\/uploads\/2024\/02\/a1d12601-450a-4a04-bcff-bccd58c7f088.jpg?fit=300%2C85&ssl=1",300,85,true],"medium_large":["https:\/\/i0.wp.com\/serendipia.icu\/wp-content\/uploads\/2024\/02\/a1d12601-450a-4a04-bcff-bccd58c7f088.jpg?fit=727%2C207&ssl=1",727,207,true],"large":["https:\/\/i0.wp.com\/serendipia.icu\/wp-content\/uploads\/2024\/02\/a1d12601-450a-4a04-bcff-bccd58c7f088.jpg?fit=727%2C207&ssl=1",727,207,true],"1536x1536":["https:\/\/i0.wp.com\/serendipia.icu\/wp-content\/uploads\/2024\/02\/a1d12601-450a-4a04-bcff-bccd58c7f088.jpg?fit=727%2C207&ssl=1",727,207,true],"2048x2048":["https:\/\/i0.wp.com\/serendipia.icu\/wp-content\/uploads\/2024\/02\/a1d12601-450a-4a04-bcff-bccd58c7f088.jpg?fit=727%2C207&ssl=1",727,207,true]},"uagb_author_info":{"display_name":"daniel_lv","author_link":"https:\/\/serendipia.icu\/index.php\/author\/daniel_lv\/"},"uagb_comment_info":9,"uagb_excerpt":"Publicamos en nuestro blog la primera colaboraci\u00f3n de Daniel L\u00f3pez, psic\u00f3logo sanitario y master en intervenci\u00f3n psicol\u00f3gica en contextos de riesgo, con Radio Soledad. En este v\u00eddeo que puedes visionar a trav\u00e9s del canal de YouTube de esta radio, L\u00f3pez habla de las connotaciones positivas y negativas del t\u00e9rmino soledad en espa\u00f1ol y esboza la&hellip;","jetpack-related-posts":[],"jetpack_sharing_enabled":true,"_links":{"self":[{"href":"https:\/\/serendipia.icu\/index.php\/wp-json\/wp\/v2\/posts\/541","targetHints":{"allow":["GET"]}}],"collection":[{"href":"https:\/\/serendipia.icu\/index.php\/wp-json\/wp\/v2\/posts"}],"about":[{"href":"https:\/\/serendipia.icu\/index.php\/wp-json\/wp\/v2\/types\/post"}],"author":[{"embeddable":true,"href":"https:\/\/serendipia.icu\/index.php\/wp-json\/wp\/v2\/users\/1"}],"replies":[{"embeddable":true,"href":"https:\/\/serendipia.icu\/index.php\/wp-json\/wp\/v2\/comments?post=541"}],"version-history":[{"count":2,"href":"https:\/\/serendipia.icu\/index.php\/wp-json\/wp\/v2\/posts\/541\/revisions"}],"predecessor-version":[{"id":543,"href":"https:\/\/serendipia.icu\/index.php\/wp-json\/wp\/v2\/posts\/541\/revisions\/543"}],"wp:featuredmedia":[{"embeddable":true,"href":"https:\/\/serendipia.icu\/index.php\/wp-json\/wp\/v2\/media\/544"}],"wp:attachment":[{"href":"https:\/\/serendipia.icu\/index.php\/wp-json\/wp\/v2\/media?parent=541"}],"wp:term":[{"taxonomy":"category","embeddable":true,"href":"https:\/\/serendipia.icu\/index.php\/wp-json\/wp\/v2\/categories?post=541"},{"taxonomy":"post_tag","embeddable":true,"href":"https:\/\/serendipia.icu\/index.php\/wp-json\/wp\/v2\/tags?post=541"}],"curies":[{"name":"wp","href":"https:\/\/api.w.org\/{rel}","templated":true}]}}